{"id":152637,"date":"2022-07-15T10:28:29","date_gmt":"2022-07-15T14:28:29","guid":{"rendered":"https:\/\/linitiative.ca\/International\/centrafrique-le-parquet-de-paris-ouvre-une-enquete-contre-castel\/"},"modified":"2022-07-15T10:28:29","modified_gmt":"2022-07-15T14:28:29","slug":"centrafrique-le-parquet-de-paris-ouvre-une-enquete-contre-castel","status":"publish","type":"post","link":"https:\/\/linitiative.ca\/International\/centrafrique-le-parquet-de-paris-ouvre-une-enquete-contre-castel\/","title":{"rendered":"Centrafrique : Le parquet de Paris ouvre une enqu\u00eate contre Castel"},"content":{"rendered":"<div>\n<p>Une enqu\u00eate a \u00e9t\u00e9 ouverte \u00e0 Paris pour complicit\u00e9 de crimes contre l\u2019humanit\u00e9 et de crimes de guerre apr\u00e8s un rapport accusant une des filiales centrafricaines de la multinationale fran\u00e7aise de boissons, Castel, d\u2019avoir soutenu financi\u00e8rement des rebelles en Centrafrique. L\u2019affaire r\u00e9v\u00e9l\u00e9e par l\u2019ONG The Sentry en ao\u00fbt 2021, a mis en lumi\u00e8re un accord secret pass\u00e9 entre une filiale du groupe Castel, la soci\u00e9t\u00e9 sucri\u00e8re Sucaf RCA, et les rebelles de l\u2019Unit\u00e9 pour la paix en Centrafrique (UPC), soup\u00e7onn\u00e9s d\u2019avoir commis plusieurs massacres pendant la guerre civile qui d\u00e9chire le pays jusqu\u2019\u00e0 aujourd\u2019hui.<\/p>\n<p>Malgr\u00e9 les d\u00e9n\u00e9gations du groupe Castel, le rapport de l\u2019ONG The Sentry n\u2019a pas \u00e9t\u00e9 enterr\u00e9 en France. Cette fois, le parquet de Paris s\u2019est dit comp\u00e9tent pour conna\u00eetre de cette sulfureuse affaire et va pouvoir se pencher officiellement sur les faits mettant en cause le g\u00e9ant fran\u00e7ais.<\/p>\n<p>Les avocates de l\u2019ONG qui a r\u00e9v\u00e9l\u00e9 le scandale se sont r\u00e9jouies de cette avanc\u00e9e, estimant que ces investigations \u00ab devraient permettre de faire la lumi\u00e8re sur les \u00e9ventuelles responsabilit\u00e9s de soci\u00e9t\u00e9s et d\u2019individus, notamment fran\u00e7ais, dans la commission de crimes d\u2019une extr\u00eame gravit\u00e9\u00bb. Me Pierre-Olivier Sur, l\u2019un des avocats du groupe fran\u00e7ais, d\u00e9clare que ses conclusions du comit\u00e9 d\u2019\u00e9thique de l\u2019entreprise \u00ab ont totalement infirm\u00e9 les all\u00e9gations du rapport \u00bb. Ce dernier d\u00e9nonce \u00ab des t\u00e9moins anonymes se cachant dans l\u2019enqu\u00eate de l\u2019ONG \u00bb, une \u00ab tentative de d\u00e9stabilisation \u00bb et promet un \u00ab proc\u00e8s en d\u00e9nonciation calomnieuse \u00bb.<\/p>\n<p><strong>Lire aussi : <a href=\"https:\/\/ecomatin.net\/agro-industrie-sosucam-accusee-de-violation-des-normes-environnementales\/\" target=\"_blank\" rel=\"noreferrer noopener\">Agro-industrie\u00a0:\u00a0Sosucam accus\u00e9e de violation des normes environnementales<\/a><\/strong><\/p>\n<p><strong>Pleins feux sur le groupe Somdiaa<\/strong><\/p>\n<p>Le groupe Somdiaa, tomb\u00e9 dans l\u2019escarcelle de la multinationale fran\u00e7aise Castel depuis des ann\u00e9es, est pr\u00e9sent dans plusieurs pays d\u2019Afrique. Il renseigne sur son site internet qu\u2019il a construit des positions significatives dans le secteur de l\u2019agroalimentaire sur le continent africain notamment dans les fili\u00e8res sucre et bl\u00e9 depuis 1970. Le groupe poss\u00e8de quatre minoteries implant\u00e9es respectivement au Cameroun, au Gabon, au Togo et sur l\u2019\u00eele de la R\u00e9union, et huit usines de production de sucre au Congo, au Tchad, au Gabon, en Centrafrique, au Cameroun et en C\u00f4te d\u2019Ivoire.<\/p>\n<p>En RCA, la raffinerie de la Sucaf RCA et les 5 137 hectares de plantation de canne \u00e0 sucre se trouvent \u00e0 Ngakobo, \u00e0 400 km \u00e0 l\u2019Est de Bangui, dans la pr\u00e9fecture de la Ouaka, contr\u00f4l\u00e9e de fin 2014 \u00e0 d\u00e9but 2021 par l\u2019UPC. La sucrerie SUCAF RCA, appartenant au groupe Castel et dirig\u00e9e par Alexandre Vilgrain de Somdiaa, avait voulu prot\u00e9ger son monopole en Centrafrique, en n\u00e9gociant avec le groupe arm\u00e9 UPC. Un \u00ab arrangement \u00bb dans lequel les rebelles s\u00e9curisaient son usine et son champ de canne \u00e0 sucre, en \u00e9change de quoi, SUCAF RCA, filiale \u00e9galement du groupe fran\u00e7ais Somdiaa, finan\u00e7ait la milice par des paiements directs ou en nature.<\/p>\n<p><strong>Lire aussi : <a href=\"https:\/\/ecomatin.net\/sosucam-suspend-temporairement-les-activites-de-son-n-usine-de-mbandjock\/\" target=\"_blank\" rel=\"noreferrer noopener\">Sosucam suspend temporairement les activit\u00e9s de son usine de Mbandjock<\/a><\/strong><\/p>\n<p>Dans la foul\u00e9e de l\u2019enqu\u00eate interne dont les conclusions n\u2019ont pas \u00e9t\u00e9 rendues publiques, Alexandre Vilgrain a \u00e9t\u00e9 contraint de quitter ses fonctions \u00e0 la t\u00eate de Somdiaa, en raison de la publication du rapport de l\u2019ONG accusant cette filiale de Castel d\u2019avoir financ\u00e9 un groupe arm\u00e9 en Centrafrique. En nommant des fid\u00e8les pour lui succ\u00e9der, notamment son neveu Michel Palu, Pierre Castel r\u00e9organise une filiale qui lui \u00e9chappait en partie.<\/p>\n<p>Toujours est-il que le groupe Somdiaa aujourd\u2019hui c\u2019est par exemple au Cameroun une sucrerie (Sosucam), une usine de farine de bl\u00e9\u00a0: la soci\u00e9t\u00e9 des grands moulins du Cameroun (SGMC), une exploitation de production de ma\u00efs au Cameroun \u00e0 travers la Compagnie fermi\u00e8re du Cameroun. Somdiaa\u00a0 est aussi propri\u00e9taire d\u2019une filiale sp\u00e9cialis\u00e9e dans l\u2019alimentation animale au Cameroun (SCEP).<\/p>\n<p>En tout, le groupe, filiale de Castel, poss\u00e8de six filiales sucri\u00e8res au Tchad, au Cameroun, au Gabon, au Congo o\u00f9 il est \u00e9galement impliqu\u00e9 dans la fili\u00e8re ma\u00efs, en C\u00f4te d\u2019Ivoire, et en RCA. L\u2019on compte \u00e9galement quatre filiales dans la fili\u00e8re farine de bl\u00e9 notamment la SGMC (Cameroun), SMAG (Gabon), SGMT (Togo), COGEDAL (La R\u00e9union).<\/p>\n<p><strong>SPM<\/strong><\/p>\n<p><strong>Lire aussi : <a href=\"https:\/\/ecomatin.net\/industrie-brassicole-le-groupe-castel-veut-quitter-le-marche-des-eaux-minerales-en-afrique\/\" target=\"_blank\" rel=\"noreferrer noopener\">Industrie brassicole: le Groupe Castel veut quitter le march\u00e9 des eaux min\u00e9rales en Afrique\u00a0<\/a><\/strong><\/p>\n<p>L\u2019article <a rel=\"nofollow\" href=\"https:\/\/ecomatin.net\/centrafrique-le-parquet-de-paris-ouvre-une-enquete-contre-castel\/\">Centrafrique : Le parquet de Paris ouvre une enqu\u00eate contre Castel<\/a> est apparu en premier sur <a rel=\"nofollow\" href=\"https:\/\/ecomatin.net\/\">EcoMatin<\/a>.<\/p>\n<\/div>\n<p>Auteur: EcoMatin<br \/>\n<a href=\"https:\/\/ecomatin.net\/centrafrique-le-parquet-de-paris-ouvre-une-enquete-contre-castel\/\">Cliquez ici pour lire l&rsquo;article depuis sa source.<\/a><\/p>\n","protected":false},"excerpt":{"rendered":"<p>Une enqu\u00eate a \u00e9t\u00e9 ouverte \u00e0 Paris pour complicit\u00e9 de crimes contre l\u2019humanit\u00e9 et de crimes de guerre apr\u00e8s un rapport accusant une des filiales centrafricaines de la multinationale fran\u00e7aise de boissons, Castel, d\u2019avoir soutenu financi\u00e8rement des rebelles en Centrafrique. L\u2019affaire r\u00e9v\u00e9l\u00e9e par l\u2019ONG The Sentry en ao\u00fbt 2021, a mis en lumi\u00e8re un accord [&hellip;]<\/p>\n","protected":false},"author":1969,"featured_media":0,"comment_status":"closed","ping_status":"closed","sticky":false,"template":"","format":"standard","meta":{"fifu_image_url":"","fifu_image_alt":"","footnotes":""},"categories":[82,78],"tags":[],"class_list":["post-152637","post","type-post","status-publish","format-standard","hentry","category-cameroun","category-economie"],"_links":{"self":[{"href":"https:\/\/linitiative.ca\/International\/wp-json\/wp\/v2\/posts\/152637","targetHints":{"allow":["GET"]}}],"collection":[{"href":"https:\/\/linitiative.ca\/International\/wp-json\/wp\/v2\/posts"}],"about":[{"href":"https:\/\/linitiative.ca\/International\/wp-json\/wp\/v2\/types\/post"}],"author":[{"embeddable":true,"href":"https:\/\/linitiative.ca\/International\/wp-json\/wp\/v2\/users\/1969"}],"replies":[{"embeddable":true,"href":"https:\/\/linitiative.ca\/International\/wp-json\/wp\/v2\/comments?post=152637"}],"version-history":[{"count":0,"href":"https:\/\/linitiative.ca\/International\/wp-json\/wp\/v2\/posts\/152637\/revisions"}],"wp:attachment":[{"href":"https:\/\/linitiative.ca\/International\/wp-json\/wp\/v2\/media?parent=152637"}],"wp:term":[{"taxonomy":"category","embeddable":true,"href":"https:\/\/linitiative.ca\/International\/wp-json\/wp\/v2\/categories?post=152637"},{"taxonomy":"post_tag","embeddable":true,"href":"https:\/\/linitiative.ca\/International\/wp-json\/wp\/v2\/tags?post=152637"}],"curies":[{"name":"wp","href":"https:\/\/api.w.org\/{rel}","templated":true}]}}