{"id":152640,"date":"2022-07-15T14:29:25","date_gmt":"2022-07-15T18:29:25","guid":{"rendered":"https:\/\/linitiative.ca\/International\/sous-le-leadership-de-sm-le-roi-mohammed-vi-ouverture-sans-interruption-du-pont-allenby-roi-hussein-suite-a-une-mediation-marocaine\/"},"modified":"2022-07-15T14:29:25","modified_gmt":"2022-07-15T18:29:25","slug":"sous-le-leadership-de-sm-le-roi-mohammed-vi-ouverture-sans-interruption-du-pont-allenby-roi-hussein-suite-a-une-mediation-marocaine","status":"publish","type":"post","link":"https:\/\/linitiative.ca\/International\/sous-le-leadership-de-sm-le-roi-mohammed-vi-ouverture-sans-interruption-du-pont-allenby-roi-hussein-suite-a-une-mediation-marocaine\/","title":{"rendered":"Sous le leadership de SM le Roi Mohammed VI : Ouverture sans interruption du Pont Allenby\/Roi Hussein, suite \u00e0 une m\u00e9diation marocaine"},"content":{"rendered":"<div>\n<p><img decoding=\"async\" width=\"300\" height=\"153\" src=\"https:\/\/linitiative.ca\/International\/wp-content\/uploads\/sites\/23\/2022\/07\/Pont-Allenby-Roi-Hussein-300x153-1.jpg\" class=\"attachment-medium size-medium wp-post-image\" alt=\"\" loading=\"lazy\" srcset=\"https:\/\/linitiative.ca\/International\/wp-content\/uploads\/sites\/23\/2022\/07\/Pont-Allenby-Roi-Hussein-300x153-1.jpg 300w, https:\/\/aujourdhui.ma\/wp-content\/uploads\/2022\/07\/Pont-Allenby-Roi-Hussein-274x140.jpg 274w, https:\/\/aujourdhui.ma\/wp-content\/uploads\/2022\/07\/Pont-Allenby-Roi-Hussein.jpg 746w, https:\/\/aujourdhui.ma\/wp-content\/uploads\/2022\/07\/Pont-Allenby-Roi-Hussein-165x84.jpg 165w, https:\/\/aujourdhui.ma\/wp-content\/uploads\/2022\/07\/Pont-Allenby-Roi-Hussein-702x358.jpg 702w\" sizes=\"auto, (max-width: 300px) 100vw, 300px\"><\/p>\n<div dir=\"auto\"><span style=\"font-size: 20px; color: #800000;\"><strong>Grace \u00e0 une m\u00e9diation directe du Royaume du Maroc, sous le leadership de Sa Majest\u00e9 le Roi Mohammed VI, les autorit\u00e9s isra\u00e9liennes ont d\u00e9cid\u00e9 l\u2019ouverture, sans interruption, du poste-fronti\u00e8re Allenby\/Roi Hussein, reliant la Cisjordanie et la Jordanie.\u00a0<\/strong><\/span><\/div>\n<p><span id=\"more-413208\"><\/span><\/p>\n<div dir=\"auto\"><\/div>\n<div dir=\"auto\">Cette m\u00e9diation, men\u00e9e par le Royaume du Maroc et les Etats-Unis d\u2019Am\u00e9rique, a permis d\u2019aboutir \u00e0 un accord pour l\u2019ouverture permanente 24\/7 de ce passage, qui constitue la seule ouverture des Palestiniens vers le monde.<\/div>\n<div dir=\"auto\"><\/div>\n<div dir=\"auto\"><\/div>\n<div dir=\"auto\">L\u2019ouverture dudit poste-fronti\u00e8re, situ\u00e9 \u00e0 environ 50 km de la capital Amman, sera effective prochainement d\u00e8s que les conditions logistiques seront r\u00e9unies, notamment en termes des ressources humaines.\u00a0 L\u2019ouverture de ce point de passage, tr\u00e8s fr\u00e9quent\u00e9 par les Palestiniens, aura des retomb\u00e9es b\u00e9n\u00e9fiques sur le quotidien des Palestiniens et facilitera la circulation des personnes et des biens.<\/div>\n<div dir=\"auto\"><\/div>\n<div dir=\"auto\"><\/div>\n<div dir=\"auto\">Cette m\u00e9diation constitue, une nouvelle fois, un t\u00e9moignage \u00e9loquent de l\u2019int\u00e9r\u00eat que porte Sa Majest\u00e9 le Roi, Pr\u00e9sident du Comit\u00e9 Al-Qods, \u00e0 la cause palestinienne et au bien-\u00eatre des Palestiniens.<\/div>\n<div dir=\"auto\"><\/div>\n<div dir=\"auto\"><\/div>\n<div dir=\"auto\">La ministre isra\u00e9lienne des Transports, Mme Merav Michaeli, a saisi l\u2019occasion de l\u2019annonce de l\u2019ouverture du poste-fronti\u00e8re pour remercier SM le Roi Mohammed VI, pr\u00e9sident du Comit\u00e9 Al Qods et le pr\u00e9sident am\u00e9ricain, Joe Biden pour leur engagement et leurs efforts continus en faveur de la paix et de la prosp\u00e9rit\u00e9 au Moyen-Orient.<\/div>\n<\/div>\n<p>Auteur: ALM<br \/>\n<a href=\"https:\/\/aujourdhui.ma\/actualite\/sous-le-leadership-de-sm-le-roi-mohammed-vi-ouverture-sans-interruption-du-pont-allenby-roi-hussein-suite-a-une-mediation-marocaine\">Cliquez ici pour lire l&rsquo;article depuis sa source.<\/a><\/p>\n","protected":false},"excerpt":{"rendered":"<p>Grace \u00e0 une m\u00e9diation directe du Royaume du Maroc, sous le leadership de Sa Majest\u00e9 le Roi Mohammed VI, les autorit\u00e9s isra\u00e9liennes ont d\u00e9cid\u00e9 l\u2019ouverture, sans interruption, du poste-fronti\u00e8re Allenby\/Roi Hussein, reliant la Cisjordanie et la Jordanie.\u00a0 Cette m\u00e9diation, men\u00e9e par le Royaume du Maroc et les Etats-Unis d\u2019Am\u00e9rique, a permis d\u2019aboutir \u00e0 un accord [&hellip;]<\/p>\n","protected":false},"author":1759,"featured_media":0,"comment_status":"closed","ping_status":"closed","sticky":false,"template":"","format":"standard","meta":{"fifu_image_url":"https:\/\/aujourdhui.ma\/wp-content\/uploads\/2022\/07\/Pont-Allenby-Roi-Hussein-300x153.jpg","fifu_image_alt":"Sous le leadership de SM le Roi Mohammed VI : Ouverture sans interruption du Pont Allenby\/Roi Hussein, suite \u00e0 une m\u00e9diation marocaine","footnotes":""},"categories":[73,54],"tags":[],"class_list":["post-152640","post","type-post","status-publish","format-standard","hentry","category-actualite","category-maroc"],"_links":{"self":[{"href":"https:\/\/linitiative.ca\/International\/wp-json\/wp\/v2\/posts\/152640","targetHints":{"allow":["GET"]}}],"collection":[{"href":"https:\/\/linitiative.ca\/International\/wp-json\/wp\/v2\/posts"}],"about":[{"href":"https:\/\/linitiative.ca\/International\/wp-json\/wp\/v2\/types\/post"}],"author":[{"embeddable":true,"href":"https:\/\/linitiative.ca\/International\/wp-json\/wp\/v2\/users\/1759"}],"replies":[{"embeddable":true,"href":"https:\/\/linitiative.ca\/International\/wp-json\/wp\/v2\/comments?post=152640"}],"version-history":[{"count":0,"href":"https:\/\/linitiative.ca\/International\/wp-json\/wp\/v2\/posts\/152640\/revisions"}],"wp:attachment":[{"href":"https:\/\/linitiative.ca\/International\/wp-json\/wp\/v2\/media?parent=152640"}],"wp:term":[{"taxonomy":"category","embeddable":true,"href":"https:\/\/linitiative.ca\/International\/wp-json\/wp\/v2\/categories?post=152640"},{"taxonomy":"post_tag","embeddable":true,"href":"https:\/\/linitiative.ca\/International\/wp-json\/wp\/v2\/tags?post=152640"}],"curies":[{"name":"wp","href":"https:\/\/api.w.org\/{rel}","templated":true}]}}