{"id":152642,"date":"2022-07-16T04:55:58","date_gmt":"2022-07-16T08:55:58","guid":{"rendered":"https:\/\/linitiative.ca\/International\/marrakech-abrite-le-prochain-sommet-des-affaires-usa-afrique\/"},"modified":"2022-07-16T04:55:58","modified_gmt":"2022-07-16T08:55:58","slug":"marrakech-abrite-le-prochain-sommet-des-affaires-usa-afrique","status":"publish","type":"post","link":"https:\/\/linitiative.ca\/International\/marrakech-abrite-le-prochain-sommet-des-affaires-usa-afrique\/","title":{"rendered":"Marrakech abrite le prochain Sommet des affaires USA-Afrique"},"content":{"rendered":"<div>\n<p><img decoding=\"async\" width=\"300\" height=\"153\" src=\"https:\/\/linitiative.ca\/International\/wp-content\/uploads\/sites\/23\/2022\/07\/Sommet-des-affaires-USA-Afrique-300x153-1.jpg\" class=\"attachment-medium size-medium wp-post-image\" alt=\"\" loading=\"lazy\" srcset=\"https:\/\/linitiative.ca\/International\/wp-content\/uploads\/sites\/23\/2022\/07\/Sommet-des-affaires-USA-Afrique-300x153-1.jpg 300w, https:\/\/aujourdhui.ma\/wp-content\/uploads\/2022\/07\/Sommet-des-affaires-USA-Afrique-274x140.jpg 274w, https:\/\/aujourdhui.ma\/wp-content\/uploads\/2022\/07\/Sommet-des-affaires-USA-Afrique.jpg 746w, https:\/\/aujourdhui.ma\/wp-content\/uploads\/2022\/07\/Sommet-des-affaires-USA-Afrique-165x84.jpg 165w, https:\/\/aujourdhui.ma\/wp-content\/uploads\/2022\/07\/Sommet-des-affaires-USA-Afrique-702x358.jpg 702w\" sizes=\"auto, (max-width: 300px) 100vw, 300px\"><\/p>\n<p><span style=\"font-size: 20px; color: #800000;\"><strong>Sous le Haut Patronage de SM le Roi, le Maroc accueille la 14\u00e8me \u00e9dition de l\u2019US-Africa Business Summit, organis\u00e9e, par le \u00abCorporate Council on Africa\u00bb (CCA), du 19 au 22 juillet \u00e0 Marrakech, sous le th\u00e8me \u00abconstruire ensemble l\u2019avenir\u00bb.<\/strong> <\/span><span id=\"more-413136\"><\/span><\/p>\n<p>Le choix d\u2019organiser au Maroc cet \u00e9v\u00e9nement, tenu pour la premi\u00e8re fois en Afrique du Nord, traduit l\u2019engagement du Royaume en faveur du d\u00e9veloppement durable du continent africain et d\u2019une meilleure insertion de ses \u00e9conomies dans les cha\u00eenes de valeur mondiales et t\u00e9moigne de la volont\u00e9 commune de repositionner l\u2019Afrique dans les courants d\u2019\u00e9changes internationaux, dans un contexte de relance \u00e9conomique post-covid et de reconfiguration de l\u2019\u00e9chiquier \u00e9conomique international.<\/p>\n<p>Ce Sommet repr\u00e9sente une opportunit\u00e9 de consolider le positionnement strat\u00e9gique du Maroc, seul pays africain ayant conclu un accord de libre-\u00e9change avec les Etats-Unis, en tant que hub pour l\u2019Afrique et partenaire \u00e9conomique de r\u00e9f\u00e9rence pour les Etats-Unis.<\/p>\n<p>Cette 14 \u00e8me \u00e9dition de l\u2019US-Africa Business Summit, qui connaitra la participation d\u2019une importante d\u00e9l\u00e9gation gouvernementale am\u00e9ricaine, de ministres africains et de d\u00e9cideurs des plus grandes multinationales am\u00e9ricaines et des milieux d\u2019affaires africains, sera l\u2019occasion d\u2019\u00e9tablir des partenariats d\u2019affaires tripartites Etats-Unis-Maroc-Afrique orient\u00e9s vers l\u2019avenir.<\/p>\n<\/div>\n<p>Auteur: ALM<br \/>\n<a href=\"https:\/\/aujourdhui.ma\/economie\/marrakech-abrite-le-prochain-sommet-des-affaires-usa-afrique\">Cliquez ici pour lire l&rsquo;article depuis sa source.<\/a><\/p>\n","protected":false},"excerpt":{"rendered":"<p>Sous le Haut Patronage de SM le Roi, le Maroc accueille la 14\u00e8me \u00e9dition de l\u2019US-Africa Business Summit, organis\u00e9e, par le \u00abCorporate Council on Africa\u00bb (CCA), du 19 au 22 juillet \u00e0 Marrakech, sous le th\u00e8me \u00abconstruire ensemble l\u2019avenir\u00bb. Le choix d\u2019organiser au Maroc cet \u00e9v\u00e9nement, tenu pour la premi\u00e8re fois en Afrique du Nord, [&hellip;]<\/p>\n","protected":false},"author":1759,"featured_media":0,"comment_status":"closed","ping_status":"closed","sticky":false,"template":"","format":"standard","meta":{"fifu_image_url":"https:\/\/aujourdhui.ma\/wp-content\/uploads\/2022\/07\/Sommet-des-affaires-USA-Afrique-300x153.jpg","fifu_image_alt":"Marrakech abrite le prochain Sommet des affaires USA-Afrique","footnotes":""},"categories":[73,54],"tags":[],"class_list":["post-152642","post","type-post","status-publish","format-standard","hentry","category-actualite","category-maroc"],"_links":{"self":[{"href":"https:\/\/linitiative.ca\/International\/wp-json\/wp\/v2\/posts\/152642","targetHints":{"allow":["GET"]}}],"collection":[{"href":"https:\/\/linitiative.ca\/International\/wp-json\/wp\/v2\/posts"}],"about":[{"href":"https:\/\/linitiative.ca\/International\/wp-json\/wp\/v2\/types\/post"}],"author":[{"embeddable":true,"href":"https:\/\/linitiative.ca\/International\/wp-json\/wp\/v2\/users\/1759"}],"replies":[{"embeddable":true,"href":"https:\/\/linitiative.ca\/International\/wp-json\/wp\/v2\/comments?post=152642"}],"version-history":[{"count":0,"href":"https:\/\/linitiative.ca\/International\/wp-json\/wp\/v2\/posts\/152642\/revisions"}],"wp:attachment":[{"href":"https:\/\/linitiative.ca\/International\/wp-json\/wp\/v2\/media?parent=152642"}],"wp:term":[{"taxonomy":"category","embeddable":true,"href":"https:\/\/linitiative.ca\/International\/wp-json\/wp\/v2\/categories?post=152642"},{"taxonomy":"post_tag","embeddable":true,"href":"https:\/\/linitiative.ca\/International\/wp-json\/wp\/v2\/tags?post=152642"}],"curies":[{"name":"wp","href":"https:\/\/api.w.org\/{rel}","templated":true}]}}