{"id":152658,"date":"2022-07-16T13:15:57","date_gmt":"2022-07-16T17:15:57","guid":{"rendered":"https:\/\/linitiative.ca\/International\/ouverture-de-la-1ere-edition-du-salon-pain-expo-bladi\/"},"modified":"2022-07-16T13:15:57","modified_gmt":"2022-07-16T17:15:57","slug":"ouverture-de-la-1ere-edition-du-salon-pain-expo-bladi","status":"publish","type":"post","link":"https:\/\/linitiative.ca\/International\/ouverture-de-la-1ere-edition-du-salon-pain-expo-bladi\/","title":{"rendered":"Ouverture de la 1\u00e8re \u00e9dition du Salon \u00ab\u00a0Pain Expo Bladi\u00a0\u00bb"},"content":{"rendered":"<div>\n<div style=\"margin-bottom:20px;\"><img loading=\"lazy\" decoding=\"async\" width=\"750\" height=\"430\" src=\"https:\/\/linitiative.ca\/International\/wp-content\/uploads\/sites\/23\/2022\/07\/salon-copier.jpg\" class=\"attachment-post-thumbnail size-post-thumbnail wp-post-image\" alt=\"\" srcset=\"https:\/\/linitiative.ca\/International\/wp-content\/uploads\/sites\/23\/2022\/07\/salon-copier.jpg 750w, https:\/\/www.mapmarrakech.ma\/map\/uploads\/2022\/07\/salon-copier-300x172.jpg 300w\" sizes=\"auto, (max-width: 750px) 100vw, 750px\"><\/div>\n<p>Organis\u00e9 jusqu\u2019au 17 juillet par une soci\u00e9t\u00e9 sp\u00e9cialis\u00e9e dans le secteur touristique, ce Salon vise \u00e0 proposer les derni\u00e8res nouveaut\u00e9s sur les mati\u00e8res premi\u00e8res, de base semi-finis et de la farine, les emballages, les objets et machines pour la fabrication du pain et \u00e0 partager une sc\u00e8ne avec p\u00e2tisseries, magasins ustensiles, le mat\u00e9riel et le mobilier.<\/p>\n<p>Le Salon vise aussi \u00e0 mettre les professionnels en relation avec les coop\u00e9ratives nationales et \u00e0 valoriser les produits innovants et cr\u00e9ateurs de ces derni\u00e8res .<\/p>\n<p>Dans une d\u00e9claration \u00e0 M24, la chaine t\u00e9l\u00e9vis\u00e9e de l\u2019information en continu de la MAP, la directrice de ce Calon, Mme Lobna Bahadi, a relev\u00e9 que les secteurs de la d\u00e9coration, design, artisanat, gastronomie et arts de la table, et du bien-\u00eatre sont des activit\u00e9s \u00e9conomiques de premi\u00e8re importance pour le Maroc, faisant savoir que Ce salon offre l\u2019opportunit\u00e9 aux exposants de d\u00e9velopper leur r\u00e9seau au Maroc, de pr\u00e9senter leur produits et services et de faciliter les \u00e9changes entre cr\u00e9ateurs, prestataires et distributeurs.<\/p>\n<p>Les coop\u00e9ratives participantes \u00e0 ce salon sont sp\u00e9cialis\u00e9es dans la production du miel, des dattes, le couscous et la farine sous toutes ses formes, en plus des produits de vannerie et plantes m\u00e9dicinales, a-t-elle poursuivi.<\/p>\n<p>Ce salon se veut donc une v\u00e9ritable plateforme de rencontres professionnelles, tout en permettant aux participants de prendre connaissance des tendances du march\u00e9 national bas\u00e9es sur 6 th\u00e8mes \u00e0 savoir : \u00ab\u00a0la gastronomie\u00a0\u00bb, \u00ab\u00a0le design\u00a0\u00bb, \u00ab\u00a0le bien-\u00eatre\u00a0\u00bb, \u00ab\u00a0la maison\u00a0\u00bb, \u00ab\u00a0la d\u00e9coration\u00a0\u00bb et \u00ab\u00a0le loisir\u00a0\u00bb.<\/p>\n<p>Au programme de ce Salon figurent \u00e9galement des ateliers d\u00e9di\u00e9s \u00e0 la formation, \u00e0 la recherche et \u00e0 l\u2019innovation.<\/p>\n<p>The post <a rel=\"nofollow\" href=\"https:\/\/www.mapmarrakech.ma\/fr\/ouverture-de-la-1ere-edition-du-salon-pain-expo-bladi\/\">Ouverture de la 1\u00e8re \u00e9dition du Salon \u00ab\u00a0Pain Expo Bladi\u00a0\u00bb<\/a> appeared first on <a rel=\"nofollow\" href=\"https:\/\/www.mapmarrakech.ma\/fr\">MapMarrakech<\/a>.<\/p>\n<\/div>\n<p>Auteur: Meriem IGASS<br \/>\n<a href=\"https:\/\/www.mapmarrakech.ma\/fr\/ouverture-de-la-1ere-edition-du-salon-pain-expo-bladi\/\">Cliquez ici pour lire l&rsquo;article depuis sa source.<\/a><\/p>\n","protected":false},"excerpt":{"rendered":"<p>Organis\u00e9 jusqu\u2019au 17 juillet par une soci\u00e9t\u00e9 sp\u00e9cialis\u00e9e dans le secteur touristique, ce Salon vise \u00e0 proposer les derni\u00e8res nouveaut\u00e9s sur les mati\u00e8res premi\u00e8res, de base semi-finis et de la farine, les emballages, les objets et machines pour la fabrication du pain et \u00e0 partager une sc\u00e8ne avec p\u00e2tisseries, magasins ustensiles, le mat\u00e9riel et le [&hellip;]<\/p>\n","protected":false},"author":1788,"featured_media":0,"comment_status":"closed","ping_status":"closed","sticky":false,"template":"","format":"standard","meta":{"fifu_image_url":"https:\/\/www.mapmarrakech.ma\/map\/uploads\/2022\/07\/salon-copier.jpg","fifu_image_alt":"Ouverture de la 1\u00e8re \u00e9dition du Salon \u00ab\u00a0Pain Expo Bladi\u00a0\u00bb","footnotes":""},"categories":[54,76],"tags":[],"class_list":["post-152658","post","type-post","status-publish","format-standard","hentry","category-maroc","category-regions"],"_links":{"self":[{"href":"https:\/\/linitiative.ca\/International\/wp-json\/wp\/v2\/posts\/152658","targetHints":{"allow":["GET"]}}],"collection":[{"href":"https:\/\/linitiative.ca\/International\/wp-json\/wp\/v2\/posts"}],"about":[{"href":"https:\/\/linitiative.ca\/International\/wp-json\/wp\/v2\/types\/post"}],"author":[{"embeddable":true,"href":"https:\/\/linitiative.ca\/International\/wp-json\/wp\/v2\/users\/1788"}],"replies":[{"embeddable":true,"href":"https:\/\/linitiative.ca\/International\/wp-json\/wp\/v2\/comments?post=152658"}],"version-history":[{"count":0,"href":"https:\/\/linitiative.ca\/International\/wp-json\/wp\/v2\/posts\/152658\/revisions"}],"wp:attachment":[{"href":"https:\/\/linitiative.ca\/International\/wp-json\/wp\/v2\/media?parent=152658"}],"wp:term":[{"taxonomy":"category","embeddable":true,"href":"https:\/\/linitiative.ca\/International\/wp-json\/wp\/v2\/categories?post=152658"},{"taxonomy":"post_tag","embeddable":true,"href":"https:\/\/linitiative.ca\/International\/wp-json\/wp\/v2\/tags?post=152658"}],"curies":[{"name":"wp","href":"https:\/\/api.w.org\/{rel}","templated":true}]}}