{"id":152660,"date":"2022-07-16T13:35:18","date_gmt":"2022-07-16T17:35:18","guid":{"rendered":"https:\/\/linitiative.ca\/International\/barrage-al-massira-reutilisation-du-canal-dadduction-deau-potable\/"},"modified":"2022-07-16T13:35:18","modified_gmt":"2022-07-16T17:35:18","slug":"barrage-al-massira-reutilisation-du-canal-dadduction-deau-potable","status":"publish","type":"post","link":"https:\/\/linitiative.ca\/International\/barrage-al-massira-reutilisation-du-canal-dadduction-deau-potable\/","title":{"rendered":"Barrage Al Massira: R\u00e9utilisation du canal d\u2019adduction d\u2019eau potable"},"content":{"rendered":"<div>\n<div style=\"margin-bottom:20px;\"><img loading=\"lazy\" decoding=\"async\" width=\"746\" height=\"380\" src=\"https:\/\/linitiative.ca\/International\/wp-content\/uploads\/sites\/23\/2022\/07\/RADEEMA-1.jpg\" class=\"attachment-post-thumbnail size-post-thumbnail wp-post-image\" alt=\"\" srcset=\"https:\/\/linitiative.ca\/International\/wp-content\/uploads\/sites\/23\/2022\/07\/RADEEMA-1.jpg 746w, https:\/\/www.mapmarrakech.ma\/map\/uploads\/2021\/08\/RADEEMA-1-300x153.jpg 300w\" sizes=\"auto, (max-width: 746px) 100vw, 746px\"><\/div>\n<p>Cette op\u00e9ration s\u2019inscrit dans le cadre de la mise en \u0153uvre des mesures inscrites dans le plan d\u2019urgence visant \u00e0 surmonter cette conjoncture difficile marqu\u00e9e par une baisse des retenues des barrages de la r\u00e9gion, en raison des s\u00e9cheresses r\u00e9currentes que connait le Maroc et la forte demande sur cette denr\u00e9e vitale en raison de la vague de canicule qui s\u2019abat sur le Royaume durant cette p\u00e9riode, indique un communiqu\u00e9 de la R\u00e9gie Autonome de Distribution d\u2019Eau et d\u2019Electricit\u00e9 de Marrakech (RADEEMA).<\/p>\n<p>Cette op\u00e9ration concerne, dans une premi\u00e8re phase, les quartiers Nord-ouest de la cit\u00e9 ocre avant d\u2019\u00eatre g\u00e9n\u00e9ralis\u00e9e progressivement sur les autres zones de Marrakech, pr\u00e9cise la m\u00eame source, relevant que les\u00a0habitants des zones concern\u00e9es seront avis\u00e9s de la date pr\u00e9cise du d\u00e9but de l\u2019op\u00e9ration de pompage des eaux transf\u00e9r\u00e9es \u00e0 partir du barrage Al Massira.<\/p>\n<p>Le comit\u00e9 exhorte par ailleurs, les diff\u00e9rents acteurs et citoyens \u00e0 adh\u00e9rer \u00e0 la mise en \u0153uvre effective des bonnes pratiques de consommation d\u2019eau, sa rationalisation et son utilisation responsable et rationnelle.<\/p>\n<p>Pour rappel, le Comit\u00e9 technique, bras op\u00e9rationnel du comit\u00e9 de vigilance instaur\u00e9 par le wali de la R\u00e9gion Marrakech-Safi, depuis le mois de novembre 2021, a annonc\u00e9 r\u00e9cemment, l\u2019adoption de plusieurs mesures de nature \u00e0 assurer l\u2019approvisionnement de Marrakech en eau potable et \u00e0 garantir sa rationalisation dans un contexte marqu\u00e9 par une baisse consid\u00e9rable des retenues des barrages dans la r\u00e9gion Marrakech-Safi qui enregistrent un d\u00e9ficit des apports de l\u2019ordre de 40%.<\/p>\n<p>The post <a rel=\"nofollow\" href=\"https:\/\/www.mapmarrakech.ma\/fr\/reutilisation-du-canal-dadduction-deau-potable-a-partir-du-barrage-al-massira\/\">Barrage Al Massira: R\u00e9utilisation du canal d\u2019adduction d\u2019eau potable<\/a> appeared first on <a rel=\"nofollow\" href=\"https:\/\/www.mapmarrakech.ma\/fr\">MapMarrakech<\/a>.<\/p>\n<\/div>\n<p>Auteur: Meriem IGASS<br \/>\n<a href=\"https:\/\/www.mapmarrakech.ma\/fr\/reutilisation-du-canal-dadduction-deau-potable-a-partir-du-barrage-al-massira\/\">Cliquez ici pour lire l&rsquo;article depuis sa source.<\/a><\/p>\n","protected":false},"excerpt":{"rendered":"<p>Cette op\u00e9ration s\u2019inscrit dans le cadre de la mise en \u0153uvre des mesures inscrites dans le plan d\u2019urgence visant \u00e0 surmonter cette conjoncture difficile marqu\u00e9e par une baisse des retenues des barrages de la r\u00e9gion, en raison des s\u00e9cheresses r\u00e9currentes que connait le Maroc et la forte demande sur cette denr\u00e9e vitale en raison de [&hellip;]<\/p>\n","protected":false},"author":1788,"featured_media":0,"comment_status":"closed","ping_status":"closed","sticky":false,"template":"","format":"standard","meta":{"fifu_image_url":"https:\/\/www.mapmarrakech.ma\/map\/uploads\/2021\/08\/RADEEMA-1.jpg","fifu_image_alt":"Barrage Al Massira: R\u00e9utilisation du canal d\u2019adduction d\u2019eau potable","footnotes":""},"categories":[54,76],"tags":[],"class_list":["post-152660","post","type-post","status-publish","format-standard","hentry","category-maroc","category-regions"],"_links":{"self":[{"href":"https:\/\/linitiative.ca\/International\/wp-json\/wp\/v2\/posts\/152660","targetHints":{"allow":["GET"]}}],"collection":[{"href":"https:\/\/linitiative.ca\/International\/wp-json\/wp\/v2\/posts"}],"about":[{"href":"https:\/\/linitiative.ca\/International\/wp-json\/wp\/v2\/types\/post"}],"author":[{"embeddable":true,"href":"https:\/\/linitiative.ca\/International\/wp-json\/wp\/v2\/users\/1788"}],"replies":[{"embeddable":true,"href":"https:\/\/linitiative.ca\/International\/wp-json\/wp\/v2\/comments?post=152660"}],"version-history":[{"count":0,"href":"https:\/\/linitiative.ca\/International\/wp-json\/wp\/v2\/posts\/152660\/revisions"}],"wp:attachment":[{"href":"https:\/\/linitiative.ca\/International\/wp-json\/wp\/v2\/media?parent=152660"}],"wp:term":[{"taxonomy":"category","embeddable":true,"href":"https:\/\/linitiative.ca\/International\/wp-json\/wp\/v2\/categories?post=152660"},{"taxonomy":"post_tag","embeddable":true,"href":"https:\/\/linitiative.ca\/International\/wp-json\/wp\/v2\/tags?post=152660"}],"curies":[{"name":"wp","href":"https:\/\/api.w.org\/{rel}","templated":true}]}}