{"id":152680,"date":"2022-07-16T06:28:23","date_gmt":"2022-07-16T10:28:23","guid":{"rendered":"https:\/\/linitiative.ca\/International\/le-telepherique-dagadir-mis-en-service\/"},"modified":"2022-07-16T06:28:23","modified_gmt":"2022-07-16T10:28:23","slug":"le-telepherique-dagadir-mis-en-service","status":"publish","type":"post","link":"https:\/\/linitiative.ca\/International\/le-telepherique-dagadir-mis-en-service\/","title":{"rendered":"Le t\u00e9l\u00e9ph\u00e9rique d\u2019Agadir mis en service"},"content":{"rendered":"<div><img decoding=\"async\" width=\"780\" height=\"468\" src=\"https:\/\/linitiative.ca\/International\/wp-content\/uploads\/sites\/23\/2022\/07\/Telepherique-Agadir-2.jpg\" class=\"attachment-post-thumbnail size-post-thumbnail wp-post-image\" alt=\"\" loading=\"lazy\" srcset=\"https:\/\/linitiative.ca\/International\/wp-content\/uploads\/sites\/23\/2022\/07\/Telepherique-Agadir-2.jpg 780w, https:\/\/www.challenge.ma\/wp-content\/uploads\/2022\/07\/Telepherique-Agadir-2-300x180.jpg 300w, https:\/\/www.challenge.ma\/wp-content\/uploads\/2022\/07\/Telepherique-Agadir-2-768x461.jpg 768w, https:\/\/www.challenge.ma\/wp-content\/uploads\/2022\/07\/Telepherique-Agadir-2-360x216.jpg 360w, https:\/\/www.challenge.ma\/wp-content\/uploads\/2022\/07\/Telepherique-Agadir-2-750x450.jpg 750w\" sizes=\"auto, (max-width: 780px) 100vw, 780px\" itemprop=\"image\">La c\u00e9r\u00e9monie de mise en service de la premi\u00e8re ligne du t\u00e9l\u00e9ph\u00e9rique d\u2019Agadir s\u2019est d\u00e9roul\u00e9e vendredi, en pr\u00e9sence notamment, de la ministre du Tourisme, de l\u2019Artisanat, et de l\u2019\u00c9conomie Sociale et Solidaire, Fatim-Zahra Ammor et du ministre de la Jeunesse, de la culture et de la communication, Mohamed Mehdi Bensaid.<\/div>\n<p>Auteur: Mehdi Ouazzani<br \/>\n<a href=\"https:\/\/www.challenge.ma\/le-telepherique-dagadir-mis-en-service-242528\/\">Cliquez ici pour lire l&rsquo;article depuis sa source.<\/a><\/p>\n","protected":false},"excerpt":{"rendered":"<p>La c\u00e9r\u00e9monie de mise en service de la premi\u00e8re ligne du t\u00e9l\u00e9ph\u00e9rique d\u2019Agadir s\u2019est d\u00e9roul\u00e9e vendredi, en pr\u00e9sence notamment, de la ministre du Tourisme, de l\u2019Artisanat, et de l\u2019\u00c9conomie Sociale et Solidaire, Fatim-Zahra Ammor et du ministre de la Jeunesse, de la culture et de la communication, Mohamed Mehdi Bensaid. Auteur: Mehdi Ouazzani Cliquez ici [&hellip;]<\/p>\n","protected":false},"author":1787,"featured_media":0,"comment_status":"closed","ping_status":"closed","sticky":false,"template":"","format":"standard","meta":{"fifu_image_url":"https:\/\/www.challenge.ma\/wp-content\/uploads\/2022\/07\/Telepherique-Agadir-2.jpg","fifu_image_alt":"Le t\u00e9l\u00e9ph\u00e9rique d\u2019Agadir mis en service","footnotes":""},"categories":[78,54],"tags":[],"class_list":["post-152680","post","type-post","status-publish","format-standard","hentry","category-economie","category-maroc"],"_links":{"self":[{"href":"https:\/\/linitiative.ca\/International\/wp-json\/wp\/v2\/posts\/152680","targetHints":{"allow":["GET"]}}],"collection":[{"href":"https:\/\/linitiative.ca\/International\/wp-json\/wp\/v2\/posts"}],"about":[{"href":"https:\/\/linitiative.ca\/International\/wp-json\/wp\/v2\/types\/post"}],"author":[{"embeddable":true,"href":"https:\/\/linitiative.ca\/International\/wp-json\/wp\/v2\/users\/1787"}],"replies":[{"embeddable":true,"href":"https:\/\/linitiative.ca\/International\/wp-json\/wp\/v2\/comments?post=152680"}],"version-history":[{"count":0,"href":"https:\/\/linitiative.ca\/International\/wp-json\/wp\/v2\/posts\/152680\/revisions"}],"wp:attachment":[{"href":"https:\/\/linitiative.ca\/International\/wp-json\/wp\/v2\/media?parent=152680"}],"wp:term":[{"taxonomy":"category","embeddable":true,"href":"https:\/\/linitiative.ca\/International\/wp-json\/wp\/v2\/categories?post=152680"},{"taxonomy":"post_tag","embeddable":true,"href":"https:\/\/linitiative.ca\/International\/wp-json\/wp\/v2\/tags?post=152680"}],"curies":[{"name":"wp","href":"https:\/\/api.w.org\/{rel}","templated":true}]}}