{"id":152682,"date":"2022-07-16T07:02:47","date_gmt":"2022-07-16T11:02:47","guid":{"rendered":"https:\/\/linitiative.ca\/International\/initiative-chinoise-sur-la-cooperation-internationale-en-matiere-de-securite-alimentaire\/"},"modified":"2022-07-16T07:02:47","modified_gmt":"2022-07-16T11:02:47","slug":"initiative-chinoise-sur-la-cooperation-internationale-en-matiere-de-securite-alimentaire","status":"publish","type":"post","link":"https:\/\/linitiative.ca\/International\/initiative-chinoise-sur-la-cooperation-internationale-en-matiere-de-securite-alimentaire\/","title":{"rendered":"Initiative chinoise sur la coop\u00e9ration internationale en mati\u00e8re de s\u00e9curit\u00e9 alimentaire"},"content":{"rendered":"<div><img decoding=\"async\" width=\"800\" height=\"528\" src=\"https:\/\/linitiative.ca\/International\/wp-content\/uploads\/sites\/23\/2022\/07\/photo-de-S.E.M.-Wang-Yi-1-1.jpg\" class=\"attachment-post-thumbnail size-post-thumbnail wp-post-image\" alt=\"\" loading=\"lazy\" srcset=\"https:\/\/linitiative.ca\/International\/wp-content\/uploads\/sites\/23\/2022\/07\/photo-de-S.E.M.-Wang-Yi-1-1.jpg 800w, https:\/\/www.challenge.ma\/wp-content\/uploads\/2022\/07\/photo-de-S.E.M.-Wang-Yi-1-1-300x198.jpg 300w, https:\/\/www.challenge.ma\/wp-content\/uploads\/2022\/07\/photo-de-S.E.M.-Wang-Yi-1-1-768x507.jpg 768w, https:\/\/www.challenge.ma\/wp-content\/uploads\/2022\/07\/photo-de-S.E.M.-Wang-Yi-1-1-360x238.jpg 360w, https:\/\/www.challenge.ma\/wp-content\/uploads\/2022\/07\/photo-de-S.E.M.-Wang-Yi-1-1-750x495.jpg 750w\" sizes=\"auto, (max-width: 800px) 100vw, 800px\" itemprop=\"image\">Prenant part \u00e0 la r\u00e9union des Ministres des Affaires Etrang\u00e8res du G20 le 08 juillet 2022 \u00e0 Bali, WANG YI, Conseiller d\u2019Etat et Ministre des affaires Etrang\u00e8res de la R\u00e9publique Populaire de Chine, y a expos\u00e9 la position de son pays sur la s\u00e9curit\u00e9 alimentaire et \u00e9nerg\u00e9tique, et proposant \u00e0<\/div>\n<p>Auteur: Adama Sylla<br \/>\n<a href=\"https:\/\/www.challenge.ma\/initiative-chinoise-sur-la-cooperation-internationale-en-matiere-de-securite-alimentaire-242534\/\">Cliquez ici pour lire l&rsquo;article depuis sa source.<\/a><\/p>\n","protected":false},"excerpt":{"rendered":"<p>Prenant part \u00e0 la r\u00e9union des Ministres des Affaires Etrang\u00e8res du G20 le 08 juillet 2022 \u00e0 Bali, WANG YI, Conseiller d\u2019Etat et Ministre des affaires Etrang\u00e8res de la R\u00e9publique Populaire de Chine, y a expos\u00e9 la position de son pays sur la s\u00e9curit\u00e9 alimentaire et \u00e9nerg\u00e9tique, et proposant \u00e0 Auteur: Adama Sylla Cliquez ici [&hellip;]<\/p>\n","protected":false},"author":1787,"featured_media":0,"comment_status":"closed","ping_status":"closed","sticky":false,"template":"","format":"standard","meta":{"fifu_image_url":"https:\/\/www.challenge.ma\/wp-content\/uploads\/2022\/07\/photo-de-S.E.M.-Wang-Yi-1-1.jpg","fifu_image_alt":"Initiative chinoise sur la coop\u00e9ration internationale en mati\u00e8re de s\u00e9curit\u00e9 alimentaire","footnotes":""},"categories":[78,54],"tags":[],"class_list":["post-152682","post","type-post","status-publish","format-standard","hentry","category-economie","category-maroc"],"_links":{"self":[{"href":"https:\/\/linitiative.ca\/International\/wp-json\/wp\/v2\/posts\/152682","targetHints":{"allow":["GET"]}}],"collection":[{"href":"https:\/\/linitiative.ca\/International\/wp-json\/wp\/v2\/posts"}],"about":[{"href":"https:\/\/linitiative.ca\/International\/wp-json\/wp\/v2\/types\/post"}],"author":[{"embeddable":true,"href":"https:\/\/linitiative.ca\/International\/wp-json\/wp\/v2\/users\/1787"}],"replies":[{"embeddable":true,"href":"https:\/\/linitiative.ca\/International\/wp-json\/wp\/v2\/comments?post=152682"}],"version-history":[{"count":0,"href":"https:\/\/linitiative.ca\/International\/wp-json\/wp\/v2\/posts\/152682\/revisions"}],"wp:attachment":[{"href":"https:\/\/linitiative.ca\/International\/wp-json\/wp\/v2\/media?parent=152682"}],"wp:term":[{"taxonomy":"category","embeddable":true,"href":"https:\/\/linitiative.ca\/International\/wp-json\/wp\/v2\/categories?post=152682"},{"taxonomy":"post_tag","embeddable":true,"href":"https:\/\/linitiative.ca\/International\/wp-json\/wp\/v2\/tags?post=152682"}],"curies":[{"name":"wp","href":"https:\/\/api.w.org\/{rel}","templated":true}]}}