{"id":152686,"date":"2022-07-16T15:27:43","date_gmt":"2022-07-16T19:27:43","guid":{"rendered":"https:\/\/linitiative.ca\/International\/par-jawhar-chatty-le-oui-et-le-non-des-elites\/"},"modified":"2022-07-16T15:27:43","modified_gmt":"2022-07-16T19:27:43","slug":"par-jawhar-chatty-le-oui-et-le-non-des-elites","status":"publish","type":"post","link":"https:\/\/linitiative.ca\/International\/par-jawhar-chatty-le-oui-et-le-non-des-elites\/","title":{"rendered":"Par Jawhar Chatty\u00a0: Le Oui et le Non des \u00e9lites"},"content":{"rendered":"<div>\n<p>L\u2019\u00e9lite est \u00e9trangement silencieuse. A dix jours du r\u00e9f\u00e9rendum populaire, ce silence est franchement \u00e9trange. L\u2019\u00e9lite, ou plut\u00f4t les \u00e9lites. Il s\u2019agit ici \u00a0\u00a0pr\u00e9cis\u00e9ment de faire un appel du pied \u00e0 Radhi Meddeb qui , un jour, m\u2019avait dit\u00a0: en Tunisie, il y a une \u00ab\u00a0 multitude d\u2019\u00e9lite\u00a0\u00bb. Aujourd\u2019hui, je crois comprendre un peu ce [\u2026]<\/p>\n<p>L\u2019article <a href=\"https:\/\/www.tunisienumerique.com\/par-jawhar-chatty-le-oui-et-le-non-des-elites\/\">Par Jawhar Chatty\u00a0: Le Oui et le Non des \u00e9lites<\/a> est apparu en premier sur <a href=\"http:\/\/www.tunisienumerique.com\/\">Tunisie<\/a>.<\/p>\n<\/div>\n<p>Auteur: Tunisie Num\u00e9rique<br \/>\n<a href=\"https:\/\/www.tunisienumerique.com\/par-jawhar-chatty-le-oui-et-le-non-des-elites\/\">Cliquez ici pour lire l&rsquo;article depuis sa source.<\/a><\/p>\n","protected":false},"excerpt":{"rendered":"<p>L\u2019\u00e9lite est \u00e9trangement silencieuse. A dix jours du r\u00e9f\u00e9rendum populaire, ce silence est franchement \u00e9trange. L\u2019\u00e9lite, ou plut\u00f4t les \u00e9lites. Il s\u2019agit ici \u00a0\u00a0pr\u00e9cis\u00e9ment de faire un appel du pied \u00e0 Radhi Meddeb qui , un jour, m\u2019avait dit\u00a0: en Tunisie, il y a une \u00ab\u00a0 multitude d\u2019\u00e9lite\u00a0\u00bb. Aujourd\u2019hui, je crois comprendre un peu ce [&hellip;]<\/p>\n","protected":false},"author":1789,"featured_media":0,"comment_status":"closed","ping_status":"closed","sticky":false,"template":"","format":"standard","meta":{"fifu_image_url":"","fifu_image_alt":"","footnotes":""},"categories":[73,55],"tags":[],"class_list":["post-152686","post","type-post","status-publish","format-standard","hentry","category-actualite","category-tunisie"],"_links":{"self":[{"href":"https:\/\/linitiative.ca\/International\/wp-json\/wp\/v2\/posts\/152686","targetHints":{"allow":["GET"]}}],"collection":[{"href":"https:\/\/linitiative.ca\/International\/wp-json\/wp\/v2\/posts"}],"about":[{"href":"https:\/\/linitiative.ca\/International\/wp-json\/wp\/v2\/types\/post"}],"author":[{"embeddable":true,"href":"https:\/\/linitiative.ca\/International\/wp-json\/wp\/v2\/users\/1789"}],"replies":[{"embeddable":true,"href":"https:\/\/linitiative.ca\/International\/wp-json\/wp\/v2\/comments?post=152686"}],"version-history":[{"count":0,"href":"https:\/\/linitiative.ca\/International\/wp-json\/wp\/v2\/posts\/152686\/revisions"}],"wp:attachment":[{"href":"https:\/\/linitiative.ca\/International\/wp-json\/wp\/v2\/media?parent=152686"}],"wp:term":[{"taxonomy":"category","embeddable":true,"href":"https:\/\/linitiative.ca\/International\/wp-json\/wp\/v2\/categories?post=152686"},{"taxonomy":"post_tag","embeddable":true,"href":"https:\/\/linitiative.ca\/International\/wp-json\/wp\/v2\/tags?post=152686"}],"curies":[{"name":"wp","href":"https:\/\/api.w.org\/{rel}","templated":true}]}}