{"id":152694,"date":"2022-07-16T04:41:35","date_gmt":"2022-07-16T08:41:35","guid":{"rendered":"https:\/\/linitiative.ca\/International\/cameroun-crowfunding-la-start-up-tagus-drone-veut-lever-400-millions-de-fcfa\/"},"modified":"2022-07-16T04:41:35","modified_gmt":"2022-07-16T08:41:35","slug":"cameroun-crowfunding-la-start-up-tagus-drone-veut-lever-400-millions-de-fcfa","status":"publish","type":"post","link":"https:\/\/linitiative.ca\/International\/cameroun-crowfunding-la-start-up-tagus-drone-veut-lever-400-millions-de-fcfa\/","title":{"rendered":"Cameroun-Crowfunding : la start-up Tagus Drone veut lever 400 millions de FCFA"},"content":{"rendered":"<div>\n<p><img decoding=\"async\" width=\"2560\" height=\"1707\" src=\"https:\/\/linitiative.ca\/International\/wp-content\/uploads\/sites\/23\/2022\/07\/IMG_5322-scaled-1.jpg\" class=\"attachment-post-thumbnail size-post-thumbnail wp-post-image\" alt=\"\" loading=\"lazy\" srcset=\"https:\/\/linitiative.ca\/International\/wp-content\/uploads\/sites\/23\/2022\/07\/IMG_5322-scaled-1.jpg 2560w, https:\/\/www.journalducameroun.com\/wp-content\/uploads\/2022\/07\/IMG_5322-300x200.jpg 300w, https:\/\/www.journalducameroun.com\/wp-content\/uploads\/2022\/07\/IMG_5322-1024x683.jpg 1024w, https:\/\/www.journalducameroun.com\/wp-content\/uploads\/2022\/07\/IMG_5322-768x512.jpg 768w, https:\/\/www.journalducameroun.com\/wp-content\/uploads\/2022\/07\/IMG_5322-1536x1024.jpg 1536w, https:\/\/www.journalducameroun.com\/wp-content\/uploads\/2022\/07\/IMG_5322-2048x1365.jpg 2048w, https:\/\/www.journalducameroun.com\/wp-content\/uploads\/2022\/07\/IMG_5322-660x440.jpg 660w, https:\/\/www.journalducameroun.com\/wp-content\/uploads\/2022\/07\/IMG_5322-600x400.jpg 600w\" sizes=\"auto, (max-width: 2560px) 100vw, 2560px\"><\/p>\n<h2>L\u2019objectif de cette lev\u00e9e de fonds est l\u2019augmentation de son capital et la construction de son si\u00e8ge social.<\/h2>\n<p>Apr\u00e8s une lev\u00e9e de fonds de 200 millions de FCFA en 2019, Tagus Drone annonce une nouvelle offre de financement participatif. L\u2019annonce de cette lev\u00e9e de fonds a \u00e9t\u00e9 faite le 13 juillet 2022 au cours d\u2019une conf\u00e9rence de presse. \u00ab Tagus Drone donne aujourd\u2019hui l\u2019opportunit\u00e9 \u00e0 toutes les personnes qui n\u2019avaient pas pu investir dans l\u2019entreprise, de pouvoir le faire aujourd\u2019hui \u00bb, a soulign\u00e9 le porteur de projet.<\/p>\n<p>Selon Borel Taguia, fondateur de la startup, l&rsquo;op\u00e9ration qui s&rsquo;ouvre lundi 18 juillet et qui va s&rsquo;\u00e9tendre sur 6 mois vise \u00e0 financer la construction de son usine d&rsquo;assemblage des drones au Cameroun. L\u2019op\u00e9ration \u00e0 termes permettra d\u2019augmenter le capital et la mise sur pied de l\u2019usine, plus son si\u00e8ge social.<\/p>\n<p>D\u2019apr\u00e8s le CEO de la start-up, la valeur de la part est fix\u00e9e \u00e0 5000 FCFA, et le minimum d\u2019investissement \u00e0 700 000 FCFA. Le pourcentage d\u2019action disponible est de 38.9% et le nombre de places disponible au conseil d\u2019administration est de 3 personnes.<\/p>\n<p>\u00ab En 2021, l\u2019entreprise a fait un chiffre d\u2019affaires de 371 190 940 FCFA, et un b\u00e9n\u00e9fice de 30 millions de francs CFA qui a \u00e9t\u00e9 redistribu\u00e9 \u00e0 tous ses investisseurs \u00bb, explique Borel Taguia.<\/p>\n<p>Tagus Drone, entreprise camerounaise sp\u00e9cialis\u00e9e dans l\u2019intelligence artificielle, plus pr\u00e9cis\u00e9ment dans la fabrication et la commercialisation des drones solaires fond\u00e9e par Borel Taguia Kana, a mis sur pied, un ensemble d\u2019engins volants dont la capacit\u00e9 de r\u00e9sistance, la technologie n\u2019ont rien \u00e0 envier \u00e0 ceux qu\u2019on peut voir dans les grandes puissances telles que la Chine, les \u00c9tats-Unis.<\/p>\n<p>Ce jeune entrepreneur n\u00e9 en 1994 \u00e0 l\u2019Ouest Cameroun, est titulaire du dipl\u00f4me d\u2019ing\u00e9nieur de conception en \u00e9nergies renouvelables obtenu en 2017 \u00e0 l\u2019\u00e9cole polytechnique de Maroua dans la r\u00e9gion de l\u2019Extr\u00eame-nord Cameroun.<\/p>\n<p>Titulaire d\u2019un Brevet d\u2019invention d\u00e9livr\u00e9 par l\u2019Organisation Africaine de la Propri\u00e9t\u00e9 Intellectuelle (OAPI), Borel Taguia Kana a lanc\u00e9 l\u2019entreprise Tagus Drone dont le capital est estim\u00e9 aujourd\u2019hui \u00e0 plus de 200 millions de FCFA.<\/p>\n<p>Il est par ailleurs l\u2019auteur du livre \u00ab Itin\u00e9raire d\u2019un jeune entrepreneur africain : Exp\u00e9rience \u00e0 partir du crowdfunding levier de l\u2019entrepreneuriat \u00bb paru aux \u00e9ditions l\u2019Harmattan \u00e0 Yaound\u00e9.<\/p>\n<p>\u00a0<\/p>\n<p>\u00a0<\/p>\n<p>Cet article <a rel=\"nofollow\" href=\"https:\/\/www.journalducameroun.com\/cameroun-crowfunding-la-start-up-tagus-drone-veut-lever-400-millions-de-fcfa\/\">Cameroun-Crowfunding : la start-up Tagus Drone veut lever 400 millions de FCFA<\/a> est apparu en premier sur <a rel=\"nofollow\" href=\"https:\/\/www.journalducameroun.com\/\">Journal du Cameroun<\/a>.<\/p>\n<\/div>\n<p>Auteur: Arnaud MAWEL<br \/>\n<a href=\"https:\/\/www.journalducameroun.com\/cameroun-crowfunding-la-start-up-tagus-drone-veut-lever-400-millions-de-fcfa\/\">Cliquez ici pour lire l&rsquo;article depuis sa source.<\/a><\/p>\n","protected":false},"excerpt":{"rendered":"<p>L\u2019objectif de cette lev\u00e9e de fonds est l\u2019augmentation de son capital et la construction de son si\u00e8ge social. Apr\u00e8s une lev\u00e9e de fonds de 200 millions de FCFA en 2019, Tagus Drone annonce une nouvelle offre de financement participatif. L\u2019annonce de cette lev\u00e9e de fonds a \u00e9t\u00e9 faite le 13 juillet 2022 au cours d\u2019une [&hellip;]<\/p>\n","protected":false},"author":1965,"featured_media":0,"comment_status":"closed","ping_status":"closed","sticky":false,"template":"","format":"standard","meta":{"fifu_image_url":"https:\/\/www.journalducameroun.com\/wp-content\/uploads\/2022\/07\/IMG_5322-scaled.jpg","fifu_image_alt":"Cameroun-Crowfunding : la start-up Tagus Drone veut lever 400 millions de FCFA","footnotes":""},"categories":[73,82],"tags":[],"class_list":["post-152694","post","type-post","status-publish","format-standard","hentry","category-actualite","category-cameroun"],"_links":{"self":[{"href":"https:\/\/linitiative.ca\/International\/wp-json\/wp\/v2\/posts\/152694","targetHints":{"allow":["GET"]}}],"collection":[{"href":"https:\/\/linitiative.ca\/International\/wp-json\/wp\/v2\/posts"}],"about":[{"href":"https:\/\/linitiative.ca\/International\/wp-json\/wp\/v2\/types\/post"}],"author":[{"embeddable":true,"href":"https:\/\/linitiative.ca\/International\/wp-json\/wp\/v2\/users\/1965"}],"replies":[{"embeddable":true,"href":"https:\/\/linitiative.ca\/International\/wp-json\/wp\/v2\/comments?post=152694"}],"version-history":[{"count":0,"href":"https:\/\/linitiative.ca\/International\/wp-json\/wp\/v2\/posts\/152694\/revisions"}],"wp:attachment":[{"href":"https:\/\/linitiative.ca\/International\/wp-json\/wp\/v2\/media?parent=152694"}],"wp:term":[{"taxonomy":"category","embeddable":true,"href":"https:\/\/linitiative.ca\/International\/wp-json\/wp\/v2\/categories?post=152694"},{"taxonomy":"post_tag","embeddable":true,"href":"https:\/\/linitiative.ca\/International\/wp-json\/wp\/v2\/tags?post=152694"}],"curies":[{"name":"wp","href":"https:\/\/api.w.org\/{rel}","templated":true}]}}