{"id":152696,"date":"2022-07-16T06:18:03","date_gmt":"2022-07-16T10:18:03","guid":{"rendered":"https:\/\/linitiative.ca\/International\/jihadisme-linquietante-expansion-de-letat-islamique-en-afrique\/"},"modified":"2022-07-16T06:18:03","modified_gmt":"2022-07-16T10:18:03","slug":"jihadisme-linquietante-expansion-de-letat-islamique-en-afrique","status":"publish","type":"post","link":"https:\/\/linitiative.ca\/International\/jihadisme-linquietante-expansion-de-letat-islamique-en-afrique\/","title":{"rendered":"Jihadisme : l\u2019inqui\u00e9tante expansion de l\u2019Etat islamique en Afrique"},"content":{"rendered":"<div>\n<p><img decoding=\"async\" width=\"300\" height=\"168\" src=\"https:\/\/linitiative.ca\/International\/wp-content\/uploads\/sites\/23\/2022\/07\/16579666832049.jpg\" class=\"attachment-post-thumbnail size-post-thumbnail wp-post-image\" alt=\"\" loading=\"lazy\" srcset=\"https:\/\/linitiative.ca\/International\/wp-content\/uploads\/sites\/23\/2022\/07\/16579666832049.jpg 300w, https:\/\/www.journalducameroun.com\/wp-content\/uploads\/2022\/07\/16579666832049-780x440.jpg 780w, https:\/\/www.journalducameroun.com\/wp-content\/uploads\/2022\/07\/16579666832049-160x90.jpg 160w, https:\/\/www.journalducameroun.com\/wp-content\/uploads\/2022\/07\/16579666832049-240x135.jpg 240w\" sizes=\"auto, (max-width: 300px) 100vw, 300px\"><\/p>\n<p>De janvier \u00e0 juin 2022, l&rsquo;Etat islamique en Afrique occidentale a men\u00e9 305 attaques.Une d\u00e9monstration de force. Ce sont les mots de Wassim Nasr, journaliste de France24 et sp\u00e9cialiste des mouvements jihadistes, pour qualifier l&rsquo;attaque du 5 juillet contre la prison de Kuj\u00e9, \u00e0 la porte d&rsquo;Abuja, capitale f\u00e9d\u00e9rale du Nigeria.<\/p>\n<p>Cette nuit, les insurg\u00e9s de la province de l&rsquo;Etat islamique en Afrique de l&rsquo;Ouest (EIAO) ont lanc\u00e9 une \u00ab\u00a0attaque coordonn\u00e9e sur trois fronts\u00a0\u00bb contre ce centre p\u00e9nitencier o\u00f9 \u00e9taient incarc\u00e9r\u00e9s des jihadistes pendant plus d&rsquo;une dizaine d&rsquo;ann\u00e9es. Au terme de cette op\u00e9ration tr\u00e8s audacieuse qui a dur\u00e9 50 minutes selon l&rsquo;agence de propagande de l&rsquo;Etat islamique, entre 600 et 900 prisonniers ont \u00e9t\u00e9 lib\u00e9r\u00e9s, parmi eux, des cadres du groupe jihadiste au Nigeria. Le porte-parole du service correctionnel nig\u00e9rian, Umar Abubakar, a reconnu trois d\u00e9c\u00e8s dans les rangs des forces loyalistes, deux policiers et un garde p\u00e9nitentiaire.<\/p>\n<p>Ce raid qui constitue, selon Rida Lyammouri, chercheur s\u00e9nior au Think tank marocain, Policy Center for the New South (PCNS), \u00ab\u00a0le premier revendiqu\u00e9 par l&rsquo;Etat islamique (EI) dans la capitale et le plus sophistiqu\u00e9 en dehors de son habituelle zone d&rsquo;intervention du nord-est\u00a0\u00bb du Nigeria, n&rsquo;est que l&rsquo;illustration de l&rsquo;ascension fulgurante du groupe jihadiste en Afrique ces derni\u00e8res ann\u00e9es.<\/p>\n<p>En juin 2014, le \u00ab\u00a0Califat\u00a0\u00bb a \u00e9t\u00e9 proclam\u00e9 par Abou Mohamed Al Adnani, porte-parole d&rsquo;alors de l&rsquo;Etat islamique. Les premi\u00e8res all\u00e9geances africaines \u00e0 cette organisation jihadiste dirig\u00e9e \u00e0 ses d\u00e9buts par l&rsquo;Irakien Abou Bakr al Baghdadi datent de la m\u00eame ann\u00e9e, avec l&rsquo;affiliation de \u00ab\u00a0Jund al Khilafa\u00a0\u00bb (Les soldats du Califat) en Alg\u00e9rie, \u00ab\u00a0Majlis Choura Chababal Islam\u00a0\u00bb (Conseil consultatif de la jeunesse islamique) en Libye et \u00ab\u00a0Ansar Bait al Maqdis\u00a0\u00bb (Les partisans de Jerusalem) en Egypte \u00bb.<\/p>\n<p>L&rsquo;ann\u00e9e 2015 marque l&rsquo;adh\u00e9sion de la mouvance jihadiste de l&rsquo;Afrique au sud du Sahara \u00e0 cette cause. Au mois de mai, Abubakar Shekau qui a pris le contr\u00f4le de Boko Haram dans le nord-est du Nigeria, apr\u00e8s le d\u00e9c\u00e8s de son fondateur en 2009, fait son all\u00e9geance. Au Sahel, des membres d&rsquo;Al Mourabitoune (Les almoravides), groupe jihadiste affili\u00e9 \u00e0 Al Qa\u00efda au Maghreb Islamique (AQMI), d\u00e9cident de r\u00e9pondre \u00e0 l&rsquo;appel d&rsquo;Al Baghdadi.<\/p>\n<p>Mont\u00e9e en fl\u00e8che des provinces africaines<\/p>\n<p>A la faveur de la perte de ses territoires en Syrie et en Irak en raison de l&rsquo;intervention de la coalition internationale constitu\u00e9e principalement de la France et des Etats-Unis d&rsquo;un c\u00f4t\u00e9, et des alli\u00e9s de la Syrie comme la Russie et l&rsquo;Iran, d&rsquo;un autre contre les jihadistes, l&rsquo;Etat islamique accentue sa politique d&rsquo;expansion vers les autres continents. C&rsquo;est ainsi qu&rsquo;en 2019, une nouvelle province voit le jour en Afrique centrale. Dans cette r\u00e9gion, les Forces d\u00e9mocratiques alli\u00e9es (ADF) originaires de l&rsquo;Ouganda revendiquent leur premi\u00e8re attaque en R\u00e9publique d\u00e9mocratique du Congo (RDC) sous la banni\u00e8re de l&rsquo;Etat islamique en avril 2019. Deux mois plus tard, ils seront imit\u00e9s par \u00ab\u00a0Ansar al Shabab\u00a0\u00bb dans le nord du Mozambique, pr\u00e9cis\u00e9ment dans la province du Cabo Delgado.<\/p>\n<p>A partir de l\u00e0, les activit\u00e9s du groupe jihadiste montent en fl\u00e8che sur le continent africain. \u00ab\u00a0Depuis trois ans, les provinces officielles de l&rsquo;Etat islamique montent en puissance, particuli\u00e8rement dans la r\u00e9gion du Lac Tchad et du Sahel\u00a0\u00bb, explique Damien Ferr\u00e9, directeur de la soci\u00e9t\u00e9 Jihad Analytics, sp\u00e9cialis\u00e9e dans l&rsquo;analyse du jihad mondial et cyber.\u00a0<\/p>\n<p>\u00ab\u00a0Cela a d&rsquo;abord \u00e9t\u00e9 visible au niveau m\u00e9diatique avec une attention particuli\u00e8re port\u00e9e par le groupe sur les op\u00e9rations dans ces deux zones, notamment via son magazine hebdomadaire +al-Naba+. A titre d&rsquo;exemple, en 2021, +al-Naba+ a consacr\u00e9 28 Unes sur 52 \u00e0 l&rsquo;Afrique, bien loin devant l&rsquo;Irak qui reste pourtant la province officielle la plus active de l&rsquo;Etat islamique\u00a0\u00bb, poursuit. M. Ferr\u00e9 dans un entretien avec APA.\u00a0<\/p>\n<p>Selon ce sp\u00e9cialiste de l&rsquo;Etat islamique, sur le plan des op\u00e9rations militaires, le nombre d&rsquo;attaques men\u00e9es par le groupe a \u00e9norm\u00e9ment augment\u00e9 sur les 36 derniers mois, particuli\u00e8rement au Nig\u00e9ria o\u00f9 on a progressivement vu la professionnalisation et la capacit\u00e9 de frappes de l&rsquo;Etat islamique en Afrique de l&rsquo;Ouest (EIAO). \u00ab\u00a0Mais,\u00a0affirme-t-il, c&rsquo;est \u00e9galement le cas au Sahel et au Mozambique o\u00f9 le groupe a m\u00eame r\u00e9ussi \u00e0 tenir une ville pendant plusieurs mois\u00a0\u00bb.\u00a0<\/p>\n<p>Quid des ADF\u00a0?<\/p>\n<p>\u00ab\u00a0Entre 2020 et 2022, des activit\u00e9s en lien avec les Forces d\u00e9mocratiques alli\u00e9es (ADF) ont \u00e9t\u00e9 signal\u00e9es en dehors de la R\u00e9publique d\u00e9mocratique du Congo, notamment en Ouganda o\u00f9 elles ont commandit\u00e9 plusieurs attentats \u00e0 l&rsquo;engin explosif improvis\u00e9 et au Rwanda o\u00f9 une dizaine de personnes li\u00e9es aux ADF qui pr\u00e9paraient des attentats \u00e0 Kigali ont \u00e9t\u00e9 arr\u00eat\u00e9es\u00a0\u00bb, relate Fiston Mahamba Wa Biondi, journaliste congolais et sp\u00e9cialiste de ce groupe jihadiste.<\/p>\n<p>Il a rep\u00e9r\u00e9 une professionnalisation du groupe depuis son all\u00e9geance \u00e0 l&rsquo;Etat islamique.\u00a0\u00ab Les combattants des ADF se sont align\u00e9s et ont \u00e9t\u00e9 actifs comme les autres mouvements internationaux lors des appels \u00e0 l&rsquo;action de l&rsquo;Etat islamique. S&rsquo;inscrivant dans cette d\u00e9marche, les ADF ont men\u00e9 la plus grosse op\u00e9ration de lib\u00e9ration de prisonniers dont une centaine de leurs membres\u00a0\u00bb, analyse M. Biondi.<\/p>\n<p>Au Mozambique, la m\u00eame logique est suivie par Ansar Al Sharia qui, apr\u00e8s l&rsquo;offensive de mars 2021 qui lui a permis d&rsquo;occuper pendant quelques jours la ville portuaire de Palma, \u00e0 plus de 2000 kilom\u00e8tres au nord-est de Maputo, s&rsquo;est r\u00e9v\u00e9l\u00e9 comme une r\u00e9elle menace pour la s\u00e9curit\u00e9 de cette partie du pays et des investissements \u00e9trangers dans le domaine des hydrocarbures. Au d\u00e9but, les autorit\u00e9s n&rsquo;ont pas voulu faire appel \u00e0 l&rsquo;aide \u00e9trang\u00e8re pour faire face aux insurg\u00e9s. Ensuite, elles ont chang\u00e9 d&rsquo;avis. Le Rwanda et la Communaut\u00e9 de d\u00e9veloppement de l&rsquo;Afrique australe (SADC) ont envoy\u00e9 des troupes pour combattre les jihadistes. Une strat\u00e9gie payante sur le court terme car ayant permis de reprendre la ville de Mocimboa da Praia contr\u00f4l\u00e9e pendant un an par les islamistes arm\u00e9s. Mais cela n&rsquo;a pas mis fin \u00e0 l&rsquo;insurrection.<\/p>\n<p>Les jihadistes sont juste retourn\u00e9s \u00e0 leur jeu favori : la gu\u00e9rilla. Retranch\u00e9s dans la brousse, ils multiplient les attaques contre les civils et ne vont au contact des forces arm\u00e9es que lorsqu&rsquo;ils sont assur\u00e9s d&rsquo;en sortir victorieux. Cette capacit\u00e9 de r\u00e9silience va leur valoir d&rsquo;\u00eatre \u00e9rig\u00e9s en province \u00e0 partir de mai 2022, apr\u00e8s une offensive contre l&rsquo;arm\u00e9e mozambicaine \u00e0 Quiterajo, dans la ville de Macomia, \u00e0 2400 kilom\u00e8tres au nord-est de Maputo. Jusque-l\u00e0, le groupe \u00e9tait rattach\u00e9 \u00e0 la province d&rsquo;Afrique australe plac\u00e9e sous l&rsquo;autorit\u00e9 du jihadiste Congolais, Musa Baluku. \u00ab\u00a0Ce qu&rsquo;on peut observer, c&rsquo;est que depuis ce moment-l\u00e0, il y a quand m\u00eame des changements int\u00e9ressants. Ce n&rsquo;est pas tant en termes de tactique et de capacit\u00e9s sur le terrain, mais en termes de propagande. On a eu pour le mois de juin seulement, vingt-deux (22) revendications, ce qui est compl\u00e8tement in\u00e9dit pour le Mozambique\u00a0\u00bb, avance une source s\u00e9curitaire.<\/p>\n<p>La filiale sah\u00e9lienne de l&rsquo;Etat islamique qui \u00e9tait jusqu&rsquo;\u00e0 mars 2022, un d\u00e9membrement de la province d&rsquo;Afrique occidentale, a eu droit au m\u00eame traitement, couvrant au moins trois pays, le Mali, le Burkina Faso et le Niger. Malgr\u00e9 la mort de son \u00e9mir, Adnan Abou Walid al Sahraoui, dans une op\u00e9ration men\u00e9e au mois d&rsquo;ao\u00fbt 2021 par l&rsquo;Arm\u00e9e fran\u00e7aise dans le nord-est du Mali, non loin de la fronti\u00e8re avec le Niger, le groupe jihadiste tente de refaire surface au moyen d&rsquo;une s\u00e9rie d&rsquo;attaques contre des civils et des mouvements touaregs pro-gouvernementaux.\u00a0<\/p>\n<p>Dans la nuit du 11 au 12 juin, la ville de Seytenga, dans la province de S\u00e9no, \u00e0 276 kilom\u00e8tres au nord-est de Ouagadougou a \u00e9t\u00e9 la cible d&rsquo;une attaque attribu\u00e9e aux jihadistes de l&rsquo;Etat islamique. Le bilan officiel fait \u00e9tat de 79 victimes civiles. Cet assaut macabre a aussi occasionn\u00e9 le d\u00e9placement de plus 16.000 personnes \u00e0 l&rsquo;int\u00e9rieur du Burkina Faso.<\/p>\n<p>Hommages et appels \u00e0 la \u00ab hijra \u00bb<\/p>\n<p>Quant \u00e0 l&rsquo;Etat islamique en Afrique occidentale, il a \u00e9t\u00e9, selon un d\u00e9compte de Jihad Analytics, \u00e0 l&rsquo;origine de 305 attaques de janvier \u00e0 juin 2022. Ce qui fait de cette province la plus active derri\u00e8re l&rsquo;Irak qui totalise 337 attaques. Jusqu&rsquo;au mois d&rsquo;avril, c&rsquo;est le Nigeria qui \u00e9tait la province la plus dynamique en menant au total 162 attaques, devan\u00e7ant l&rsquo;Irak de 38 points.\u00a0<\/p>\n<p>\u00ab\u00a0Pour la premi\u00e8re fois de l&rsquo;histoire du groupe jihadiste, l&rsquo;Irak n&rsquo;est plus le pays o\u00f9 l&rsquo;Etat islamique revendique le plus grand nombre d&rsquo;op\u00e9rations\u00a0\u00bb, avait relev\u00e9 Damien Ferr\u00e9 sur Twitter.\u00a0<\/p>\n<p>Ces \u00ab\u00a0performances\u00a0\u00bb ont valu aux jihadistes africains des hommages de leurs \u00ab\u00a0fr\u00e8res\u00a0\u00bb des autres provinces. \u00ab\u00a0Il est possible qu&rsquo;en cons\u00e9quence qu&rsquo;il y ait un nombre accru de partisans \u00e9trangers de l&rsquo;EI qui tentent de rejoindre les provinces africaines\u2026\u00bb, pr\u00e9dit-il. \u00a0Des appels sont d\u00e9j\u00e0 \u00e9mis dans ce sens.<\/p>\n<p>Charg\u00e9 de recherche au Centre national de recherche scientifique (CNRS), Vincent Foucher rappelle le sens de ce th\u00e8me dans l&rsquo;islam militaire. \u00ab\u00a0C&rsquo;est un appel \u00e0 se d\u00e9tacher de la soci\u00e9t\u00e9 normale pour rejoindre les vrais croyants\u00a0\u00bb, explique ce sp\u00e9cialiste de la section lacustre de l&rsquo;Etat islamique.\u00a0<\/p>\n<p>\u00ab\u00a0Les nouveaux dirigeants de l&rsquo;Etat islamique ont d\u00fb comprendre que le fait de d\u00e9placer le centre d&rsquo;int\u00e9r\u00eat de l&rsquo;Irak et de la Syrie de mani\u00e8re officielle serait b\u00e9n\u00e9fique pour sa pr\u00e9sence dans le monde entier\u00a0\u00bb, d\u00e9crypte Tomasz Rolbiecki, analyste ind\u00e9pendant qui travaille sur la r\u00e9gion du Lac Tchad.\u00a0<\/p>\n<p>\u00ab\u00a0A mon sens, cela a un double objectif : miser sur l&rsquo;Afrique qui a un vrai potentiel de d\u00e9veloppement de l&rsquo;EI, particuli\u00e8rement dans les zones o\u00f9 il est d\u00e9j\u00e0 actif, et rel\u00e2cher la pression sur la Syrie o\u00f9 le groupe est traqu\u00e9 et attend des jours meilleurs pour rebondir\u00a0\u00bb, ajoute Damien Ferr\u00e9.\u00a0<\/p>\n<p>Mais faudrait-il que ces appels du pied soient suivis d&rsquo;effet comme ce fut le cas en 2015 apr\u00e8s l&rsquo;\u00e9rection de Syrte, situ\u00e9e \u00e0 400 kilom\u00e8tres \u00e0 l&rsquo;est de Tripoli, en Libye, comme troisi\u00e8me capitale de l&rsquo;organisation jihadiste, apr\u00e8s Mossoul et Raqqa. \u00ab\u00a0Les flux, s&rsquo;il y en a, seront surtout r\u00e9gionaux et pas forc\u00e9ment si importants que \u00e7a\u00a0\u00bb, relativise Vincent Foucher qui, malgr\u00e9 tout, estime que \u00ab\u00a0l&rsquo;ascension des franchises africaines de l&rsquo;EI est quand m\u00eame laborieuse\u00a0\u00bb.\u00a0<\/p>\n<p>Cet article <a rel=\"nofollow\" href=\"https:\/\/www.journalducameroun.com\/jihadisme-linquietante-expansion-de-letat-islamique-en-afrique\/\">Jihadisme : l\u2019inqui\u00e9tante expansion de l\u2019Etat islamique en Afrique<\/a> est apparu en premier sur <a rel=\"nofollow\" href=\"https:\/\/www.journalducameroun.com\/\">Journal du Cameroun<\/a>.<\/p>\n<\/div>\n<p>Auteur: APA News<br \/>\n<a href=\"https:\/\/www.journalducameroun.com\/jihadisme-linquietante-expansion-de-letat-islamique-en-afrique\/\">Cliquez ici pour lire l&rsquo;article depuis sa source.<\/a><\/p>\n","protected":false},"excerpt":{"rendered":"<p>De janvier \u00e0 juin 2022, l&rsquo;Etat islamique en Afrique occidentale a men\u00e9 305 attaques.Une d\u00e9monstration de force. Ce sont les mots de Wassim Nasr, journaliste de France24 et sp\u00e9cialiste des mouvements jihadistes, pour qualifier l&rsquo;attaque du 5 juillet contre la prison de Kuj\u00e9, \u00e0 la porte d&rsquo;Abuja, capitale f\u00e9d\u00e9rale du Nigeria. Cette nuit, les insurg\u00e9s [&hellip;]<\/p>\n","protected":false},"author":1965,"featured_media":0,"comment_status":"closed","ping_status":"closed","sticky":false,"template":"","format":"standard","meta":{"fifu_image_url":"https:\/\/www.journalducameroun.com\/wp-content\/uploads\/2022\/07\/16579666832049.jpg","fifu_image_alt":"Jihadisme : l\u2019inqui\u00e9tante expansion de l\u2019Etat islamique en Afrique","footnotes":""},"categories":[73,82],"tags":[],"class_list":["post-152696","post","type-post","status-publish","format-standard","hentry","category-actualite","category-cameroun"],"_links":{"self":[{"href":"https:\/\/linitiative.ca\/International\/wp-json\/wp\/v2\/posts\/152696","targetHints":{"allow":["GET"]}}],"collection":[{"href":"https:\/\/linitiative.ca\/International\/wp-json\/wp\/v2\/posts"}],"about":[{"href":"https:\/\/linitiative.ca\/International\/wp-json\/wp\/v2\/types\/post"}],"author":[{"embeddable":true,"href":"https:\/\/linitiative.ca\/International\/wp-json\/wp\/v2\/users\/1965"}],"replies":[{"embeddable":true,"href":"https:\/\/linitiative.ca\/International\/wp-json\/wp\/v2\/comments?post=152696"}],"version-history":[{"count":0,"href":"https:\/\/linitiative.ca\/International\/wp-json\/wp\/v2\/posts\/152696\/revisions"}],"wp:attachment":[{"href":"https:\/\/linitiative.ca\/International\/wp-json\/wp\/v2\/media?parent=152696"}],"wp:term":[{"taxonomy":"category","embeddable":true,"href":"https:\/\/linitiative.ca\/International\/wp-json\/wp\/v2\/categories?post=152696"},{"taxonomy":"post_tag","embeddable":true,"href":"https:\/\/linitiative.ca\/International\/wp-json\/wp\/v2\/tags?post=152696"}],"curies":[{"name":"wp","href":"https:\/\/api.w.org\/{rel}","templated":true}]}}