{"id":15270,"date":"2019-02-18T16:00:45","date_gmt":"2019-02-18T21:00:45","guid":{"rendered":"https:\/\/linitiative.ca\/International\/autonomisation-et-responsabilisation-des-femmes\/"},"modified":"2019-02-18T16:00:45","modified_gmt":"2019-02-18T21:00:45","slug":"autonomisation-et-responsabilisation-des-femmes","status":"publish","type":"post","link":"https:\/\/linitiative.ca\/International\/autonomisation-et-responsabilisation-des-femmes\/","title":{"rendered":"AUTONOMISATION ET RESPONSABILISATION DES FEMMES"},"content":{"rendered":"<p><img decoding=\"async\" class=\"post_layout_5_img\" src=\"http:\/\/lepays.bf\/wp-content\/uploads\/2019\/02\/FEMMES.jpg\" alt=\"AUTONOMISATION ET RESPONSABILISATION DES FEMMES\"\/><\/p>\n<p><strong>Aller au-del\u00e0 du discours<\/strong><\/p>\n<p>\u00ab\u00a0<em>Autonomisation et responsabilisation des femmes au Burkina\u00a0<\/em>\u00bb\u00a0; c\u2019est sous ce th\u00e8me que s\u2019est tenu le forum national des femmes, du 15 au 17 f\u00e9vrier 2019 \u00e0 Ouagadougou. Il faut apporter la pr\u00e9cision que c\u2019est le parlement qui l\u2019a initi\u00e9. Et son premier responsable, Alassane Bala Sakand\u00e9, parrain de la c\u00e9r\u00e9monie, apr\u00e8s avoir d\u00e9plor\u00e9 et d\u00e9nonc\u00e9 les injustices multiformes faites aux femmes, y est all\u00e9 de son rem\u00e8de en disant ceci\u00a0: <em>\u00ab\u00a0c\u2019est de nos pr\u00e9jug\u00e9s et de nos mentalit\u00e9s que d\u00e9coule cette injustice faite aux femmes. Alors, c\u2019est contre nos pr\u00e9jug\u00e9s et nos mentalit\u00e9s que nous devons mener la lutte pour parvenir \u00e0 une vision neuve de la femme\u00a0\u00bb.<\/em> Voici qui est bien dit. Il reste \u00e0 souhaiter que l\u2019occupant du perchoir ne soit pas dans l\u2019\u00e9tat d\u2019esprit du d\u00e9put\u00e9 NGouakou-NGouakou. En effet, ce personnage de Henri Lopes, s\u2019est illustr\u00e9 dans un discours comme le champion de la lib\u00e9ration de la femme. Dans les faits, il s\u2019est r\u00e9v\u00e9l\u00e9 comme l\u2019un des plus grands pr\u00e9dateurs de la cause de celle-ci. Ce d\u00e9phasage entre le discours officiel et les faits sur le sujet de l\u2019\u00e9mancipation de la femme, d\u00e9nonc\u00e9 par l\u2019\u00e9crivain congolais, semble malheureusement la chose la plus partag\u00e9e sous nos cieux. Il faut donc imp\u00e9rativement rompre avec cette tradition, pour autant que l\u2019on veuille travailler pour le bien de la femme. En effet, si les proclamations et les belles tirades entendues dans les fora suffisaient \u00e0 notre pays pour rendre la femme responsable et autonome, la femme burkinab\u00e8\u00a0 serait la plus \u00e9mancip\u00e9e du monde. En r\u00e9alit\u00e9, et en g\u00e9n\u00e9ral, quand les hommes politiques tiennent des discours laudateurs sur la femme, le plus souvent, c\u2019est \u00e0 des fins bassement \u00e9lectoralistes. Car, les femmes, de part leur nombre, constituent une force \u00e9lectorale. Il suffit donc de les s\u00e9duire par des discours \u00e0 la NGouakou-NGouakou pour engranger des voix. Tout le monde, \u00e0 commencer par les femmes elles-m\u00eames, doit mettre un point d\u2019honneur \u00e0 ce que cet \u00e9tat de chose prenne fin.<\/p>\n<p><strong>Il faut prendre en compte les int\u00e9r\u00eats du plus grand nombre<\/strong><strong>\u00a0<\/strong><\/p>\n<p>Et ce d\u2019autant plus que l\u2019on ne peut pas conduire un pays \u00e0 l\u2019\u00e9mergence tout en maintenant une bonne partie de sa population dans la servitude. Et pour y mettre fin, il faut aller au-del\u00e0 des discours mielleux pour poser des actes forts et concrets. De ce point de vue, l\u2019on peut d\u00e9j\u00e0 saluer l\u2019engagement pris par le pr\u00e9sident de l\u2019Assembl\u00e9e nationale de voter des lois pour que chaque province de notre pays soit repr\u00e9sent\u00e9e \u00e0 l\u2019h\u00e9micycle par au moins une d\u00e9put\u00e9e. L\u2019on peut aussi le saluer pour avoir initi\u00e9 un tel forum, via son institution. En tout cas, la R\u00e9publique lui donne la latitude de faire bouger les lignes au moyen des lois. Mais il faut reconna\u00eetre que ce ne sont pas les r\u00e9sistances qui manqueront. Il y a d\u2019abord, le fait que discourir sur ce th\u00e8me nourrit son homme. Les Occidentaux, en effet, n\u2019h\u00e9sitent pas \u00e0 financer toute initiative li\u00e9e \u00e0 ce th\u00e8me parce que chez eux, cela rel\u00e8ve d\u2019une valeur soci\u00e9tale. C\u2019est pour cette raison que bien des associations sous nos tropiques, ont inscrit le th\u00e8me de l\u2019\u00e9mancipation de la femme dans leurs textes fondateurs parce qu\u2019ils sont convaincus qu\u2019il y a de l\u2019argent \u00e0 gagner dedans. Ensuite, il y a le fait que certains hommes, par \u00e9go\u00efsme, n\u2019ont pas int\u00e9r\u00eat \u00e0 ce que les femmes soient v\u00e9ritablement responsabilis\u00e9es et autonomes. La troisi\u00e8me r\u00e9sistance peut paradoxalement venir des femmes elles-m\u00eames, notamment des femmes urbaines. Pour des raisons de leadership, elles sont pr\u00eates \u00e0 sacrifier l\u2019int\u00e9r\u00eat g\u00e9n\u00e9ral des femmes au profit de leurs propres int\u00e9r\u00eats. La chose la plus grave constat\u00e9e dans ce genre de rencontres, c\u2019est que la cause de la femme rurale est g\u00e9n\u00e9ralement ignor\u00e9e. Celles qui tiennent le crachoir sont g\u00e9n\u00e9ralement les grandes dames des milieux ais\u00e9s et pour lesquelles, il faut entendre par autonomisation de la femme, le fait d\u2019occuper un poste minist\u00e9riel. Cette perception est tr\u00e8s \u00e9triqu\u00e9e. Il faut aller au-del\u00e0 pour prendre en compte les int\u00e9r\u00eats du plus grand nombre de femmes. Et l\u2019autonomisation des femmes dans le contexte de notre pays, passe d\u2019abord par la propri\u00e9t\u00e9 fonci\u00e8re.<\/p>\n<p>Tout discours qui fera abstraction de cela est destin\u00e9 \u00e0 amuser la galerie. Pour toutes ces raisons, l\u2019on peut dire que le th\u00e8me du forum est tr\u00e8s accrocheur mais il faut aller au-del\u00e0 des mots, pour autant que l\u2019on veuille v\u00e9ritablement s\u2019attaquer aux maux qui accablent l\u2019autre moiti\u00e9 du ciel.<\/p>\n<p><strong>\u00a0<\/strong><\/p>\n<p><strong><em>Sidzabda<\/em><\/strong><\/p>\n<p>Auteur: Le Pays<br \/>\n<a href=\"http:\/\/lepays.bf\/autonomisation-et-responsabilisation-des-femmes\/\">Cliquez ici pour lire l&rsquo;article depuis sa source.<\/a><\/p>\n","protected":false},"excerpt":{"rendered":"<p>Aller au-del\u00e0 du discours \u00ab\u00a0Autonomisation et responsabilisation des femmes au Burkina\u00a0\u00bb\u00a0; c\u2019est sous ce th\u00e8me que s\u2019est tenu le forum national des femmes, du 15 au 17 f\u00e9vrier 2019 \u00e0 Ouagadougou. Il faut apporter la pr\u00e9cision que c\u2019est le parlement qui l\u2019a initi\u00e9. Et son premier responsable, Alassane Bala Sakand\u00e9, parrain de la c\u00e9r\u00e9monie, apr\u00e8s [&hellip;]<\/p>\n","protected":false},"author":1813,"featured_media":15271,"comment_status":"closed","ping_status":"closed","sticky":false,"template":"","format":"standard","meta":{"fifu_image_url":"","fifu_image_alt":"","footnotes":""},"categories":[73,81],"tags":[],"class_list":["post-15270","post","type-post","status-publish","format-standard","has-post-thumbnail","hentry","category-actualite","category-burkina-faso"],"_links":{"self":[{"href":"https:\/\/linitiative.ca\/International\/wp-json\/wp\/v2\/posts\/15270","targetHints":{"allow":["GET"]}}],"collection":[{"href":"https:\/\/linitiative.ca\/International\/wp-json\/wp\/v2\/posts"}],"about":[{"href":"https:\/\/linitiative.ca\/International\/wp-json\/wp\/v2\/types\/post"}],"author":[{"embeddable":true,"href":"https:\/\/linitiative.ca\/International\/wp-json\/wp\/v2\/users\/1813"}],"replies":[{"embeddable":true,"href":"https:\/\/linitiative.ca\/International\/wp-json\/wp\/v2\/comments?post=15270"}],"version-history":[{"count":0,"href":"https:\/\/linitiative.ca\/International\/wp-json\/wp\/v2\/posts\/15270\/revisions"}],"wp:featuredmedia":[{"embeddable":true,"href":"https:\/\/linitiative.ca\/International\/wp-json\/"}],"wp:attachment":[{"href":"https:\/\/linitiative.ca\/International\/wp-json\/wp\/v2\/media?parent=15270"}],"wp:term":[{"taxonomy":"category","embeddable":true,"href":"https:\/\/linitiative.ca\/International\/wp-json\/wp\/v2\/categories?post=15270"},{"taxonomy":"post_tag","embeddable":true,"href":"https:\/\/linitiative.ca\/International\/wp-json\/wp\/v2\/tags?post=15270"}],"curies":[{"name":"wp","href":"https:\/\/api.w.org\/{rel}","templated":true}]}}