{"id":15272,"date":"2019-02-18T16:04:09","date_gmt":"2019-02-18T21:04:09","guid":{"rendered":"https:\/\/linitiative.ca\/International\/nouvelles-mesures-reglementaires-a-kidal\/"},"modified":"2019-02-18T16:04:09","modified_gmt":"2019-02-18T21:04:09","slug":"nouvelles-mesures-reglementaires-a-kidal","status":"publish","type":"post","link":"https:\/\/linitiative.ca\/International\/nouvelles-mesures-reglementaires-a-kidal\/","title":{"rendered":"NOUVELLES MESURES REGLEMENTAIRES A KIDAL"},"content":{"rendered":"<p><img decoding=\"async\" class=\"post_layout_5_img\" src=\"http:\/\/lepays.bf\/wp-content\/uploads\/2019\/02\/C_Azawad_mm_414.jpg\" alt=\"NOUVELLES MESURES REGLEMENTAIRES A KIDAL\"\/><\/p>\n<p><strong>En attendant les amputations et les flagellations publiques humiliantes<\/strong><\/p>\n<p>Va-t-on vers l\u2019instauration de la charia \u00e0 Kidal\u00a0? C\u2019est la question que plus d\u2019un se pose. Car, dans un communiqu\u00e9 sign\u00e9 le 30 janvier dernier et rendu public r\u00e9cemment, la Coordination des mouvements de l\u2019Azawad (CMA) annonce de nouvelles mesures r\u00e9glementaires pour la ville de Kidal. Une batterie de mesures qui vont de l\u2019interdiction de la vente et de la consommation d\u2019alcool, \u00e0 l\u2019instauration d\u2019un permis de s\u00e9jour pour les \u00e9trangers, y compris pour les citoyens maliens dont l\u2019admission dans la cit\u00e9 est subordonn\u00e9e \u00e0 la justification d\u2019un tuteur local. Le tout dans un contexte o\u00f9 le juge islamiste, le Cadi, se retrouve au centre du syst\u00e8me judiciaire et o\u00f9 la r\u00e9glementation s\u2019\u00e9tend \u00e0 des domaines divers comme la circulation et les contr\u00f4les routiers, la s\u00e9curit\u00e9, le port d\u2019armes, l\u2019hygi\u00e8ne, la sant\u00e9, le foncier et le cadastre, les manifestations publiques et autres c\u00e9r\u00e9monies traditionnelles qui sont d\u00e9sormais strictement encadr\u00e9es et soumises \u00e0 autorisation pr\u00e9alable des ma\u00eetres de Kidal.<\/p>\n<p><strong>C\u2019est \u00e0 se demander si la CMA n\u2019est pas en train de r\u00e9habiliter le projet politique de Iyad Ag Ghali<\/strong><\/p>\n<p>Une v\u00e9ritable Constitution locale qui touche \u00e0 des domaines qui rel\u00e8vent g\u00e9n\u00e9ralement du pouvoir r\u00e9galien de l\u2019Etat, mais qui n\u2019a visiblement que faire de l\u2019autorit\u00e9 de Bamako. C\u2019est \u00e0 se demander si la CMA n\u2019est pas en train de r\u00e9habiliter le projet politique de Iyad Ag Ghali dont l\u2019objectif affich\u00e9 \u00e9tait d\u2019instaurer un r\u00e9gime islamiste dans la partie septentrionale du Mali et d\u2019y \u00e9tablir la charia. En tout cas,<\/p>\n<p>il ne reste plus que les amputations, les lapidations et autres flagellations publiques humiliantes pour que la boucle soit boucl\u00e9e. Car, avec le retour progressif annonc\u00e9 de l\u2019Etat, l\u2019on croyait que Kidal s\u2019alignerait sur les r\u00e8gles de la R\u00e9publique. Mais tout porte \u00e0 croire que c\u2019est le contraire et que la capitale des Ifoghas est en train de se donner tous les attributs d\u2019un Etat autonome. En cela, il est d\u2019ailleurs difficile de voir en quoi les rebelles de la CMA sont diff\u00e9rents des djihadistes qui cherchaient \u00e0 instaurer la charia et \u00e0 fonder un califat dans le Nord du Mali. En tout cas, certaines de ces mesures ne sont pas loin d\u2019\u00eatre une atteinte \u00e0 la la\u00efcit\u00e9 dont se r\u00e9clame pourtant la R\u00e9publique du Mali. Et si l\u2019instauration de ces nouvelles r\u00e8gles vise, entre autres, \u00e0 pallier l\u2019absence ou la faiblesse de l\u2019Etat, cette d\u00e9cision de la CMA ne peut que renforcer la r\u00e9putation de ville rebelle que tra\u00eene la capitale du Nord-Mali qui est en train de faire la preuve qu\u2019elle est un Etat dans un Etat. Autrement, l\u2019on ne comprend pas que de telles d\u00e9cisions \u00e9manent d\u2019une autorit\u00e9 locale qui semble faire fi de l\u2019autorit\u00e9 centrale dont le silence sur la question, semble, du reste, en dire long sur son embarras et son impuissance face \u00e0 la situation. Car, depuis l\u2019invasion djihadiste en 2013, Kidal, fief de la r\u00e9bellion touar\u00e8gue, s\u2019est \u00e9rig\u00e9e en forteresse inexpugnable qui \u00e9chappe totalement au contr\u00f4le du pouvoir de Bamako. Et aujourd\u2019hui encore, au-del\u00e0 de sa pr\u00e9sence symbolique, l\u2019administration malienne a toutes les peines du monde \u00e0 exister et \u00e0 affirmer son autorit\u00e9 dans cette ville tenue de main de ma\u00eetre par les rebelles de la CMA qui y dictent leur loi. Et les autorit\u00e9s int\u00e9rimaires qui ont \u00e9t\u00e9 r\u00e9install\u00e9es au forceps, ne semblent pas avoir une grande marge de man\u0153uvre \u00e0 l\u2019effet de faire bouger les lignes dans le sens d\u2019un retour en force de l\u2019Etat dans cette partie du pays.<\/p>\n<p><strong>Il est temps, pour les Maliens, d\u2019enterrer d\u00e9finitivement la hache de guerre<\/strong><strong>\u00a0<\/strong><\/p>\n<p>Et tout porte \u00e0 croire que demain n\u2019est pas la veille de la reconqu\u00eate de cette ville qui ressemble \u00e0 un furoncle sur les fesses de Bamako. Une situation rendue encore plus improbable avec la pr\u00e9sence militaire fran\u00e7aise dans la ville, qui cr\u00e9e un flou qui ne permet pas de cerner v\u00e9ritablement tous les contours du probl\u00e8me. En tout cas, l\u2019on a souvent de la peine \u00e0 comprendre d\u2019o\u00f9 vient l\u2019impuissance de Bamako \u00e0 dompter et \u00e0 soumettre la ville rebelle. Toutefois, le retour \u00e0 la paix au Mali, passe aussi par la r\u00e9solution de l\u2019\u00e9nigme Kidal qui s\u2019annonce comme un imp\u00e9ratif pour Bamako. Car, si d\u2019autres r\u00e9gions devaient embo\u00eeter le pas \u00e0 la ville rebelle sans une r\u00e9action appropri\u00e9e, c\u2019est l\u2019Etat malien lui-m\u00eame qui serait fortement menac\u00e9 dans ses fondements et dans ses fondations. Et la situation est d\u2019autant plus pr\u00e9occupante que la CMA n\u2019envisage pas de limiter lesdites mesures \u00e0 la seule ville de Kidal, mais, \u00e0 long terme, \u00e0 toute la r\u00e9gion qui est sous son contr\u00f4le. C\u2019est dire si les rebelles sont all\u00e9s assez loin dans la d\u00e9fiance de l\u2019autorit\u00e9 de Bamako pour que cela ne laisse pas les autorit\u00e9s sans r\u00e9action.<\/p>\n<p>En tout \u00e9tat de cause, il est temps, pour les Maliens, d\u2019enterrer d\u00e9finitivement la hache de guerre et de travailler r\u00e9solument \u00e0 la r\u00e9unification du pays. Car, si la situation devait aller de Charybde en Scylla dans le Nord du pays, il faut craindre que les fondamentalistes islamistes, qui sont sur le chemin de la d\u00e9route en Syrie, ne trouvent dans ces contr\u00e9es du Sahel, v\u00e9ritable ventre mou de la lutte contre le terrorisme dans le monde, une terre de repli pour se reconstituer des forces \u00e0 l\u2019effet de repartir \u00e0 la conqu\u00eate de nouveaux espaces.<\/p>\n<p><strong><em>\u00ab\u00a0Le Pays\u00a0\u00bb<\/em><\/strong><\/p>\n<p><strong>\u00a0<\/strong><\/p>\n<p>Auteur: Le Pays<br \/>\n<a href=\"http:\/\/lepays.bf\/nouvelles-mesures-reglementaires-a-kidal\/\">Cliquez ici pour lire l&rsquo;article depuis sa source.<\/a><\/p>\n","protected":false},"excerpt":{"rendered":"<p>En attendant les amputations et les flagellations publiques humiliantes Va-t-on vers l\u2019instauration de la charia \u00e0 Kidal\u00a0? C\u2019est la question que plus d\u2019un se pose. Car, dans un communiqu\u00e9 sign\u00e9 le 30 janvier dernier et rendu public r\u00e9cemment, la Coordination des mouvements de l\u2019Azawad (CMA) annonce de nouvelles mesures r\u00e9glementaires pour la ville de Kidal. [&hellip;]<\/p>\n","protected":false},"author":1813,"featured_media":15273,"comment_status":"closed","ping_status":"closed","sticky":false,"template":"","format":"standard","meta":{"fifu_image_url":"","fifu_image_alt":"","footnotes":""},"categories":[73,81],"tags":[],"class_list":["post-15272","post","type-post","status-publish","format-standard","has-post-thumbnail","hentry","category-actualite","category-burkina-faso"],"_links":{"self":[{"href":"https:\/\/linitiative.ca\/International\/wp-json\/wp\/v2\/posts\/15272","targetHints":{"allow":["GET"]}}],"collection":[{"href":"https:\/\/linitiative.ca\/International\/wp-json\/wp\/v2\/posts"}],"about":[{"href":"https:\/\/linitiative.ca\/International\/wp-json\/wp\/v2\/types\/post"}],"author":[{"embeddable":true,"href":"https:\/\/linitiative.ca\/International\/wp-json\/wp\/v2\/users\/1813"}],"replies":[{"embeddable":true,"href":"https:\/\/linitiative.ca\/International\/wp-json\/wp\/v2\/comments?post=15272"}],"version-history":[{"count":0,"href":"https:\/\/linitiative.ca\/International\/wp-json\/wp\/v2\/posts\/15272\/revisions"}],"wp:featuredmedia":[{"embeddable":true,"href":"https:\/\/linitiative.ca\/International\/wp-json\/"}],"wp:attachment":[{"href":"https:\/\/linitiative.ca\/International\/wp-json\/wp\/v2\/media?parent=15272"}],"wp:term":[{"taxonomy":"category","embeddable":true,"href":"https:\/\/linitiative.ca\/International\/wp-json\/wp\/v2\/categories?post=15272"},{"taxonomy":"post_tag","embeddable":true,"href":"https:\/\/linitiative.ca\/International\/wp-json\/wp\/v2\/tags?post=15272"}],"curies":[{"name":"wp","href":"https:\/\/api.w.org\/{rel}","templated":true}]}}