{"id":152781,"date":"2022-07-18T10:23:48","date_gmt":"2022-07-18T14:23:48","guid":{"rendered":"https:\/\/linitiative.ca\/International\/propriete-intellectuelle-le-maroc-et-israel-scellent-un-mou\/"},"modified":"2022-07-18T10:23:48","modified_gmt":"2022-07-18T14:23:48","slug":"propriete-intellectuelle-le-maroc-et-israel-scellent-un-mou","status":"publish","type":"post","link":"https:\/\/linitiative.ca\/International\/propriete-intellectuelle-le-maroc-et-israel-scellent-un-mou\/","title":{"rendered":"Propri\u00e9t\u00e9 intellectuelle: le Maroc et Israel scellent un MoU"},"content":{"rendered":"<div>\n<div class=\"field field-name-body field-type-text-with-summary field-label-hidden\">\n<div class=\"field-items\">\n<div class=\"field-item even\" property=\"content:encoded\">\n<p class=\"rtejustify\">Le Maroc et Isra\u00ebl ont sign\u00e9, lundi \u00e0 Gen\u00e8ve, un M\u00e9morandum d\u2019entente (MoU) sur la propri\u00e9t\u00e9 intellectuelle, en marge de la 63e s\u00e9rie de r\u00e9unions des Assembl\u00e9es G\u00e9n\u00e9rales des \u00c9tats membres de l\u2019Organisation Mondiale de la Propri\u00e9t\u00e9 Intellectuelle (OMPI).<\/p>\n<\/div>\n<\/div>\n<\/div>\n<\/div>\n<p>Auteur: hgueye<br \/>\n<a href=\"https:\/\/www.leconomiste.com\/flash-infos\/propriete-intellectuelle-le-maroc-et-israel-scellent-un-mou\">Cliquez ici pour lire l&rsquo;article depuis sa source.<\/a><\/p>\n","protected":false},"excerpt":{"rendered":"<p>Le Maroc et Isra\u00ebl ont sign\u00e9, lundi \u00e0 Gen\u00e8ve, un M\u00e9morandum d\u2019entente (MoU) sur la propri\u00e9t\u00e9 intellectuelle, en marge de la 63e s\u00e9rie de r\u00e9unions des Assembl\u00e9es G\u00e9n\u00e9rales des \u00c9tats membres de l\u2019Organisation Mondiale de la Propri\u00e9t\u00e9 Intellectuelle (OMPI). Auteur: hgueye Cliquez ici pour lire l&rsquo;article depuis sa source.<\/p>\n","protected":false},"author":1763,"featured_media":0,"comment_status":"closed","ping_status":"closed","sticky":false,"template":"","format":"standard","meta":{"fifu_image_url":"","fifu_image_alt":"","footnotes":""},"categories":[78,54],"tags":[],"class_list":["post-152781","post","type-post","status-publish","format-standard","hentry","category-economie","category-maroc"],"_links":{"self":[{"href":"https:\/\/linitiative.ca\/International\/wp-json\/wp\/v2\/posts\/152781","targetHints":{"allow":["GET"]}}],"collection":[{"href":"https:\/\/linitiative.ca\/International\/wp-json\/wp\/v2\/posts"}],"about":[{"href":"https:\/\/linitiative.ca\/International\/wp-json\/wp\/v2\/types\/post"}],"author":[{"embeddable":true,"href":"https:\/\/linitiative.ca\/International\/wp-json\/wp\/v2\/users\/1763"}],"replies":[{"embeddable":true,"href":"https:\/\/linitiative.ca\/International\/wp-json\/wp\/v2\/comments?post=152781"}],"version-history":[{"count":0,"href":"https:\/\/linitiative.ca\/International\/wp-json\/wp\/v2\/posts\/152781\/revisions"}],"wp:attachment":[{"href":"https:\/\/linitiative.ca\/International\/wp-json\/wp\/v2\/media?parent=152781"}],"wp:term":[{"taxonomy":"category","embeddable":true,"href":"https:\/\/linitiative.ca\/International\/wp-json\/wp\/v2\/categories?post=152781"},{"taxonomy":"post_tag","embeddable":true,"href":"https:\/\/linitiative.ca\/International\/wp-json\/wp\/v2\/tags?post=152781"}],"curies":[{"name":"wp","href":"https:\/\/api.w.org\/{rel}","templated":true}]}}