{"id":152799,"date":"2022-07-18T11:00:24","date_gmt":"2022-07-18T15:00:24","guid":{"rendered":"https:\/\/linitiative.ca\/International\/propriete-intellectuelle-le-maroc-et-israel-se-rapprochent\/"},"modified":"2022-07-18T11:00:24","modified_gmt":"2022-07-18T15:00:24","slug":"propriete-intellectuelle-le-maroc-et-israel-se-rapprochent","status":"publish","type":"post","link":"https:\/\/linitiative.ca\/International\/propriete-intellectuelle-le-maroc-et-israel-se-rapprochent\/","title":{"rendered":"Propri\u00e9t\u00e9 intellectuelle. Le Maroc et Isra\u00ebl se rapprochent"},"content":{"rendered":"<div><img decoding=\"async\" width=\"800\" height=\"398\" src=\"https:\/\/linitiative.ca\/International\/wp-content\/uploads\/sites\/23\/2022\/07\/maroc.jpeg\" class=\"attachment-post-thumbnail size-post-thumbnail wp-post-image\" alt=\"\" loading=\"lazy\" srcset=\"https:\/\/linitiative.ca\/International\/wp-content\/uploads\/sites\/23\/2022\/07\/maroc.jpeg 800w, https:\/\/www.challenge.ma\/wp-content\/uploads\/2022\/07\/maroc-300x149.jpeg 300w, https:\/\/www.challenge.ma\/wp-content\/uploads\/2022\/07\/maroc-768x382.jpeg 768w, https:\/\/www.challenge.ma\/wp-content\/uploads\/2022\/07\/maroc-360x179.jpeg 360w, https:\/\/www.challenge.ma\/wp-content\/uploads\/2022\/07\/maroc-750x373.jpeg 750w\" sizes=\"auto, (max-width: 800px) 100vw, 800px\" itemprop=\"image\">Le Maroc et Isra\u00ebl ont sign\u00e9, le 18 juillet, \u00e0 Gen\u00e8ve, un M\u00e9morandum d\u2019entente sur la propri\u00e9t\u00e9 intellectuelle, en marge de la soixante-troisi\u00e8me s\u00e9rie de r\u00e9unions des Assembl\u00e9es G\u00e9n\u00e9rales des \u00c9tats membres de l\u2019Organisation Mondiale de la Propri\u00e9t\u00e9 Intellectuelle (OMPI). L\u2019objectif de ce m\u00e9morandum d\u2019entente est de fournir des m\u00e9canismes<\/div>\n<p>Auteur: Roland Amoussou<br \/>\n<a href=\"https:\/\/www.challenge.ma\/propriete-intellectuelle-le-maroc-et-israel-se-rapprochent-242604\/\">Cliquez ici pour lire l&rsquo;article depuis sa source.<\/a><\/p>\n","protected":false},"excerpt":{"rendered":"<p>Le Maroc et Isra\u00ebl ont sign\u00e9, le 18 juillet, \u00e0 Gen\u00e8ve, un M\u00e9morandum d\u2019entente sur la propri\u00e9t\u00e9 intellectuelle, en marge de la soixante-troisi\u00e8me s\u00e9rie de r\u00e9unions des Assembl\u00e9es G\u00e9n\u00e9rales des \u00c9tats membres de l\u2019Organisation Mondiale de la Propri\u00e9t\u00e9 Intellectuelle (OMPI). L\u2019objectif de ce m\u00e9morandum d\u2019entente est de fournir des m\u00e9canismes Auteur: Roland Amoussou Cliquez ici [&hellip;]<\/p>\n","protected":false},"author":1787,"featured_media":0,"comment_status":"closed","ping_status":"closed","sticky":false,"template":"","format":"standard","meta":{"fifu_image_url":"https:\/\/www.challenge.ma\/wp-content\/uploads\/2022\/07\/maroc.jpeg","fifu_image_alt":"Propri\u00e9t\u00e9 intellectuelle. Le Maroc et Isra\u00ebl se rapprochent","footnotes":""},"categories":[78,54],"tags":[],"class_list":["post-152799","post","type-post","status-publish","format-standard","hentry","category-economie","category-maroc"],"_links":{"self":[{"href":"https:\/\/linitiative.ca\/International\/wp-json\/wp\/v2\/posts\/152799","targetHints":{"allow":["GET"]}}],"collection":[{"href":"https:\/\/linitiative.ca\/International\/wp-json\/wp\/v2\/posts"}],"about":[{"href":"https:\/\/linitiative.ca\/International\/wp-json\/wp\/v2\/types\/post"}],"author":[{"embeddable":true,"href":"https:\/\/linitiative.ca\/International\/wp-json\/wp\/v2\/users\/1787"}],"replies":[{"embeddable":true,"href":"https:\/\/linitiative.ca\/International\/wp-json\/wp\/v2\/comments?post=152799"}],"version-history":[{"count":0,"href":"https:\/\/linitiative.ca\/International\/wp-json\/wp\/v2\/posts\/152799\/revisions"}],"wp:attachment":[{"href":"https:\/\/linitiative.ca\/International\/wp-json\/wp\/v2\/media?parent=152799"}],"wp:term":[{"taxonomy":"category","embeddable":true,"href":"https:\/\/linitiative.ca\/International\/wp-json\/wp\/v2\/categories?post=152799"},{"taxonomy":"post_tag","embeddable":true,"href":"https:\/\/linitiative.ca\/International\/wp-json\/wp\/v2\/tags?post=152799"}],"curies":[{"name":"wp","href":"https:\/\/api.w.org\/{rel}","templated":true}]}}