{"id":15280,"date":"2019-02-18T14:18:04","date_gmt":"2019-02-18T19:18:04","guid":{"rendered":"https:\/\/linitiative.ca\/International\/le-ministre-de-linterieur-du-royaume-despagne-en-visite-de-travail-en-cote-divoire\/"},"modified":"2019-02-18T14:18:04","modified_gmt":"2019-02-18T19:18:04","slug":"le-ministre-de-linterieur-du-royaume-despagne-en-visite-de-travail-en-cote-divoire","status":"publish","type":"post","link":"https:\/\/linitiative.ca\/International\/le-ministre-de-linterieur-du-royaume-despagne-en-visite-de-travail-en-cote-divoire\/","title":{"rendered":"Le ministre de l\u2019int\u00e9rieur du royaume d\u2019Espagne en visite de travail en C\u00f4te d\u2019Ivoire"},"content":{"rendered":"<div readability=\"32\">\n<p>Publi\u00e9 le 18.02.2019 \u00e0 20h18 par APA News<\/p>\n<\/div>\n<div readability=\"51\">\n<p>Le ministre de l\u2019int\u00e9rieur du royaume d\u2019Espagne, Fernando Grande-Marlaska Gomez entame, mardi, une visite de travail en C\u00f4te d\u2019Ivoire o\u00f9 il s\u2019entretiendra avec son homologue ivoirien, Sidiki Diakit\u00e9.Selon une note d\u2019information du service de communication du minist\u00e8re ivoirien de l\u2019int\u00e9rieur et de la s\u00e9curit\u00e9 transmise \u00e0 APA lundi soir, les deux personnalit\u00e9s auront une \u00ab r\u00e9union de travail \u00e0 10h00 \u00bb, heure locale et Gmt \u00e0 Abidjan, la capitale \u00e9conomique ivoirienne.<\/p>\n<p>Cette rencontre s\u2019inscrit \u00ab dans le cadre des relations diplomatiques entre la R\u00e9publique de C\u00f4te d\u2019Ivoire et le Royaume d\u2019Espagne \u00bb, pr\u00e9cise la m\u00eame source.<\/p>\n<p><ins data-revive-zoneid=\"9\" data-revive-id=\"10111e19d28d19d031742ee3b0b33eb0\"\/> <\/p>\n<p>En plus de la s\u00e9curit\u00e9, plusieurs autres sujets seront pass\u00e9s en revue par les deux hommes qui animeront une conf\u00e9rence de presse au terme de leurs \u00e9changes. La coop\u00e9ration bilat\u00e9rale g\u00e9n\u00e9rale \u00a0a \u00e9t\u00e9 \u00e9tablie entre les deux pays le 27 avril 1964.<\/p>\n<\/div>\n<p>Auteur: APA News<br \/>\n<a href=\"https:\/\/www.journalducameroun.com\/le-ministre-de-linterieur-du-royaume-despagne-en-visite-de-travail-en-cote-divoire\/\">Cliquez ici pour lire l&rsquo;article depuis sa source.<\/a><\/p>\n","protected":false},"excerpt":{"rendered":"<p>Publi\u00e9 le 18.02.2019 \u00e0 20h18 par APA News Le ministre de l\u2019int\u00e9rieur du royaume d\u2019Espagne, Fernando Grande-Marlaska Gomez entame, mardi, une visite de travail en C\u00f4te d\u2019Ivoire o\u00f9 il s\u2019entretiendra avec son homologue ivoirien, Sidiki Diakit\u00e9.Selon une note d\u2019information du service de communication du minist\u00e8re ivoirien de l\u2019int\u00e9rieur et de la s\u00e9curit\u00e9 transmise \u00e0 APA [&hellip;]<\/p>\n","protected":false},"author":1965,"featured_media":0,"comment_status":"closed","ping_status":"closed","sticky":false,"template":"","format":"standard","meta":{"fifu_image_url":"","fifu_image_alt":"","footnotes":""},"categories":[73,82],"tags":[],"class_list":["post-15280","post","type-post","status-publish","format-standard","hentry","category-actualite","category-cameroun"],"_links":{"self":[{"href":"https:\/\/linitiative.ca\/International\/wp-json\/wp\/v2\/posts\/15280","targetHints":{"allow":["GET"]}}],"collection":[{"href":"https:\/\/linitiative.ca\/International\/wp-json\/wp\/v2\/posts"}],"about":[{"href":"https:\/\/linitiative.ca\/International\/wp-json\/wp\/v2\/types\/post"}],"author":[{"embeddable":true,"href":"https:\/\/linitiative.ca\/International\/wp-json\/wp\/v2\/users\/1965"}],"replies":[{"embeddable":true,"href":"https:\/\/linitiative.ca\/International\/wp-json\/wp\/v2\/comments?post=15280"}],"version-history":[{"count":0,"href":"https:\/\/linitiative.ca\/International\/wp-json\/wp\/v2\/posts\/15280\/revisions"}],"wp:attachment":[{"href":"https:\/\/linitiative.ca\/International\/wp-json\/wp\/v2\/media?parent=15280"}],"wp:term":[{"taxonomy":"category","embeddable":true,"href":"https:\/\/linitiative.ca\/International\/wp-json\/wp\/v2\/categories?post=15280"},{"taxonomy":"post_tag","embeddable":true,"href":"https:\/\/linitiative.ca\/International\/wp-json\/wp\/v2\/tags?post=15280"}],"curies":[{"name":"wp","href":"https:\/\/api.w.org\/{rel}","templated":true}]}}