{"id":152805,"date":"2022-07-18T15:16:32","date_gmt":"2022-07-18T19:16:32","guid":{"rendered":"https:\/\/linitiative.ca\/International\/le-maroc-accueillera-le-deuxieme-sommet-du-forum-du-neguev-a-dakhla\/"},"modified":"2022-07-18T15:16:32","modified_gmt":"2022-07-18T19:16:32","slug":"le-maroc-accueillera-le-deuxieme-sommet-du-forum-du-neguev-a-dakhla","status":"publish","type":"post","link":"https:\/\/linitiative.ca\/International\/le-maroc-accueillera-le-deuxieme-sommet-du-forum-du-neguev-a-dakhla\/","title":{"rendered":"Le Maroc accueillera le deuxi\u00e8me sommet du Forum du N\u00e9guev \u00e0 Dakhla"},"content":{"rendered":"<div><img decoding=\"async\" width=\"768\" height=\"412\" src=\"https:\/\/linitiative.ca\/International\/wp-content\/uploads\/sites\/23\/2022\/07\/negev-summit.jpg\" class=\"attachment-post-thumbnail size-post-thumbnail wp-post-image\" alt=\"\" loading=\"lazy\" srcset=\"https:\/\/linitiative.ca\/International\/wp-content\/uploads\/sites\/23\/2022\/07\/negev-summit.jpg 768w, https:\/\/www.challenge.ma\/wp-content\/uploads\/2022\/07\/negev-summit-300x161.jpg 300w, https:\/\/www.challenge.ma\/wp-content\/uploads\/2022\/07\/negev-summit-360x193.jpg 360w, https:\/\/www.challenge.ma\/wp-content\/uploads\/2022\/07\/negev-summit-750x402.jpg 750w\" sizes=\"auto, (max-width: 768px) 100vw, 768px\" itemprop=\"image\">Le deuxi\u00e8me sommet du forum du N\u00e9guev devrait se d\u00e9rouler \u00e0 Dakhla. La perle du sud marocain accueillera plusieurs pays aux c\u00f4t\u00e9s des membres fondateurs. Rappelons que le 27 juin dernier \u00e0 Manama, au Bahre\u00efn, plusieurs diplomates de haut rang am\u00e9ricains, isra\u00e9liens, marocains, \u00e9miratis, \u00e9gyptiens et bahre\u00efnis s\u2019\u00e9taient rencontr\u00e9s dans<\/div>\n<p>Auteur: David J\u00e9r\u00e9mie<br \/>\n<a href=\"https:\/\/www.challenge.ma\/le-maroc-accueillera-le-deuxieme-sommet-du-forum-du-neguev-a-dakhla-242622\/\">Cliquez ici pour lire l&rsquo;article depuis sa source.<\/a><\/p>\n","protected":false},"excerpt":{"rendered":"<p>Le deuxi\u00e8me sommet du forum du N\u00e9guev devrait se d\u00e9rouler \u00e0 Dakhla. La perle du sud marocain accueillera plusieurs pays aux c\u00f4t\u00e9s des membres fondateurs. Rappelons que le 27 juin dernier \u00e0 Manama, au Bahre\u00efn, plusieurs diplomates de haut rang am\u00e9ricains, isra\u00e9liens, marocains, \u00e9miratis, \u00e9gyptiens et bahre\u00efnis s\u2019\u00e9taient rencontr\u00e9s dans Auteur: David J\u00e9r\u00e9mie Cliquez ici [&hellip;]<\/p>\n","protected":false},"author":1787,"featured_media":0,"comment_status":"closed","ping_status":"closed","sticky":false,"template":"","format":"standard","meta":{"fifu_image_url":"https:\/\/www.challenge.ma\/wp-content\/uploads\/2022\/07\/negev-summit.jpg","fifu_image_alt":"Le Maroc accueillera le deuxi\u00e8me sommet du Forum du N\u00e9guev \u00e0 Dakhla","footnotes":""},"categories":[78,54],"tags":[],"class_list":["post-152805","post","type-post","status-publish","format-standard","hentry","category-economie","category-maroc"],"_links":{"self":[{"href":"https:\/\/linitiative.ca\/International\/wp-json\/wp\/v2\/posts\/152805","targetHints":{"allow":["GET"]}}],"collection":[{"href":"https:\/\/linitiative.ca\/International\/wp-json\/wp\/v2\/posts"}],"about":[{"href":"https:\/\/linitiative.ca\/International\/wp-json\/wp\/v2\/types\/post"}],"author":[{"embeddable":true,"href":"https:\/\/linitiative.ca\/International\/wp-json\/wp\/v2\/users\/1787"}],"replies":[{"embeddable":true,"href":"https:\/\/linitiative.ca\/International\/wp-json\/wp\/v2\/comments?post=152805"}],"version-history":[{"count":0,"href":"https:\/\/linitiative.ca\/International\/wp-json\/wp\/v2\/posts\/152805\/revisions"}],"wp:attachment":[{"href":"https:\/\/linitiative.ca\/International\/wp-json\/wp\/v2\/media?parent=152805"}],"wp:term":[{"taxonomy":"category","embeddable":true,"href":"https:\/\/linitiative.ca\/International\/wp-json\/wp\/v2\/categories?post=152805"},{"taxonomy":"post_tag","embeddable":true,"href":"https:\/\/linitiative.ca\/International\/wp-json\/wp\/v2\/tags?post=152805"}],"curies":[{"name":"wp","href":"https:\/\/api.w.org\/{rel}","templated":true}]}}