{"id":152807,"date":"2022-07-18T16:51:08","date_gmt":"2022-07-18T20:51:08","guid":{"rendered":"https:\/\/linitiative.ca\/International\/linstitution-du-mediateur-et-le-groupe-al-omrane-concluent-un-partenariat\/"},"modified":"2022-07-18T16:51:08","modified_gmt":"2022-07-18T20:51:08","slug":"linstitution-du-mediateur-et-le-groupe-al-omrane-concluent-un-partenariat","status":"publish","type":"post","link":"https:\/\/linitiative.ca\/International\/linstitution-du-mediateur-et-le-groupe-al-omrane-concluent-un-partenariat\/","title":{"rendered":"L\u2019Institution du M\u00e9diateur et le Groupe Al Omrane concluent un partenariat"},"content":{"rendered":"<div><img decoding=\"async\" width=\"629\" height=\"300\" src=\"https:\/\/linitiative.ca\/International\/wp-content\/uploads\/sites\/23\/2022\/07\/MohamedBENALILOU_BadrKANOUNI_02-629-x-300.jpg\" class=\"attachment-post-thumbnail size-post-thumbnail wp-post-image\" alt=\"\" loading=\"lazy\" srcset=\"https:\/\/linitiative.ca\/International\/wp-content\/uploads\/sites\/23\/2022\/07\/MohamedBENALILOU_BadrKANOUNI_02-629-x-300.jpg 629w, https:\/\/www.challenge.ma\/wp-content\/uploads\/2022\/07\/MohamedBENALILOU_BadrKANOUNI_02-629-x-300-300x143.jpg 300w, https:\/\/www.challenge.ma\/wp-content\/uploads\/2022\/07\/MohamedBENALILOU_BadrKANOUNI_02-629-x-300-360x172.jpg 360w\" sizes=\"auto, (max-width: 629px) 100vw, 629px\" itemprop=\"image\">Un accord de partenariat a \u00e9t\u00e9 conclu ce 17 juillet entre l\u2019Institution du M\u00e9diateur du Royaume du Maroc et le Groupe Al Omrane dans le cadre du renforcement de la coop\u00e9ration \u00e9tablie entre les deux institutions. Il s\u2019agit de la mise en place d\u2019un cadre de travail institutionnalisant et encadrant<\/div>\n<p>Auteur: David J\u00e9r\u00e9mie<br \/>\n<a href=\"https:\/\/www.challenge.ma\/linstitution-du-mediateur-et-le-groupe-al-omrane-concluent-un-partenariat-242627\/\">Cliquez ici pour lire l&rsquo;article depuis sa source.<\/a><\/p>\n","protected":false},"excerpt":{"rendered":"<p>Un accord de partenariat a \u00e9t\u00e9 conclu ce 17 juillet entre l\u2019Institution du M\u00e9diateur du Royaume du Maroc et le Groupe Al Omrane dans le cadre du renforcement de la coop\u00e9ration \u00e9tablie entre les deux institutions. Il s\u2019agit de la mise en place d\u2019un cadre de travail institutionnalisant et encadrant Auteur: David J\u00e9r\u00e9mie Cliquez ici [&hellip;]<\/p>\n","protected":false},"author":1787,"featured_media":0,"comment_status":"closed","ping_status":"closed","sticky":false,"template":"","format":"standard","meta":{"fifu_image_url":"https:\/\/www.challenge.ma\/wp-content\/uploads\/2022\/07\/MohamedBENALILOU_BadrKANOUNI_02-629-x-300.jpg","fifu_image_alt":"L\u2019Institution du M\u00e9diateur et le Groupe Al Omrane concluent un partenariat","footnotes":""},"categories":[78,54],"tags":[],"class_list":["post-152807","post","type-post","status-publish","format-standard","hentry","category-economie","category-maroc"],"_links":{"self":[{"href":"https:\/\/linitiative.ca\/International\/wp-json\/wp\/v2\/posts\/152807","targetHints":{"allow":["GET"]}}],"collection":[{"href":"https:\/\/linitiative.ca\/International\/wp-json\/wp\/v2\/posts"}],"about":[{"href":"https:\/\/linitiative.ca\/International\/wp-json\/wp\/v2\/types\/post"}],"author":[{"embeddable":true,"href":"https:\/\/linitiative.ca\/International\/wp-json\/wp\/v2\/users\/1787"}],"replies":[{"embeddable":true,"href":"https:\/\/linitiative.ca\/International\/wp-json\/wp\/v2\/comments?post=152807"}],"version-history":[{"count":0,"href":"https:\/\/linitiative.ca\/International\/wp-json\/wp\/v2\/posts\/152807\/revisions"}],"wp:attachment":[{"href":"https:\/\/linitiative.ca\/International\/wp-json\/wp\/v2\/media?parent=152807"}],"wp:term":[{"taxonomy":"category","embeddable":true,"href":"https:\/\/linitiative.ca\/International\/wp-json\/wp\/v2\/categories?post=152807"},{"taxonomy":"post_tag","embeddable":true,"href":"https:\/\/linitiative.ca\/International\/wp-json\/wp\/v2\/tags?post=152807"}],"curies":[{"name":"wp","href":"https:\/\/api.w.org\/{rel}","templated":true}]}}