{"id":15281,"date":"2019-02-18T14:18:06","date_gmt":"2019-02-18T19:18:06","guid":{"rendered":"https:\/\/linitiative.ca\/International\/mozambique-un-naufrage-fait-neuf-victimes\/"},"modified":"2019-02-18T14:18:06","modified_gmt":"2019-02-18T19:18:06","slug":"mozambique-un-naufrage-fait-neuf-victimes","status":"publish","type":"post","link":"https:\/\/linitiative.ca\/International\/mozambique-un-naufrage-fait-neuf-victimes\/","title":{"rendered":"Mozambique: un naufrage fait neuf victimes"},"content":{"rendered":"<div readability=\"32\">\n<p>Publi\u00e9 le 18.02.2019 \u00e0 20h18 par APA News<\/p>\n<\/div>\n<div readability=\"58\">\n<p>APA-Maputo (Mozambique) Le gouvernement provincial au Mozambique a confirm\u00e9 la mort de neuf personnes suite au naufrage d\u2019un bateau survenu dimanche, a appris APA lundi.Le gouvernement provincial au Mozambique a confirm\u00e9 la mort de neuf personnes suite au naufrage d\u2019un bateau survenu dimanche, a appris APA lundi.<\/p>\n<p>Le secr\u00e9taire permanent de la province d\u2019Inhambane, Ricardo Nhacuongue, a d\u00e9clar\u00e9 lundi que les causes de la trag\u00e9die font actuellement l\u2019objet d\u2019une enqu\u00eate et qu\u2019une commission \u00a0a \u00e9t\u00e9 mise sur pied pour \u00e9lucider les circonstances de ce naufrage.<\/p>\n<p>Il a d\u00e9clar\u00e9 lundi sur les ondes de la \u00ab Radio Mozambique \u00bb que le navire transportait 73 personnes et leurs marchandises sans respect des normes de s\u00e9curit\u00e9.<\/p>\n<p>\u00ab Tout ce qu\u2019on sait pour le moment c\u2019est que le bateau a eu des probl\u00e8mes de bougies d\u2019allumage et les passagers ont paniqu\u00e9 et ont commenc\u00e9 \u00e0 sauter par-dessus bord. Ceux qui ne savaient pas nager et ont malheureusement perdu la vie \u00bb a-t-il d\u00e9clar\u00e9.<\/p>\n<p><ins data-revive-zoneid=\"9\" data-revive-id=\"10111e19d28d19d031742ee3b0b33eb0\"\/> <\/p>\n<p>Les naufrages de bateau sont assez fr\u00e9quents au Mozambique, o\u00f9 les normes de s\u00e9curit\u00e9 ne sont pas respect\u00e9es.<\/p>\n<p>En juin dernier, 13 personnes sont perdu la vie dans le naufrage d\u2019un bateau surcharg\u00e9 qui transportait des passagers et des marchandises sur une rivi\u00e8re dans la province centrale du Zamb\u00e8ze.<\/p>\n<\/div>\n<p>Auteur: APA News<br \/>\n<a href=\"https:\/\/www.journalducameroun.com\/mozambique-un-naufrage-fait-neuf-victimes\/\">Cliquez ici pour lire l&rsquo;article depuis sa source.<\/a><\/p>\n","protected":false},"excerpt":{"rendered":"<p>Publi\u00e9 le 18.02.2019 \u00e0 20h18 par APA News APA-Maputo (Mozambique) Le gouvernement provincial au Mozambique a confirm\u00e9 la mort de neuf personnes suite au naufrage d\u2019un bateau survenu dimanche, a appris APA lundi.Le gouvernement provincial au Mozambique a confirm\u00e9 la mort de neuf personnes suite au naufrage d\u2019un bateau survenu dimanche, a appris APA lundi. [&hellip;]<\/p>\n","protected":false},"author":1965,"featured_media":0,"comment_status":"closed","ping_status":"closed","sticky":false,"template":"","format":"standard","meta":{"fifu_image_url":"","fifu_image_alt":"","footnotes":""},"categories":[73,82],"tags":[],"class_list":["post-15281","post","type-post","status-publish","format-standard","hentry","category-actualite","category-cameroun"],"_links":{"self":[{"href":"https:\/\/linitiative.ca\/International\/wp-json\/wp\/v2\/posts\/15281","targetHints":{"allow":["GET"]}}],"collection":[{"href":"https:\/\/linitiative.ca\/International\/wp-json\/wp\/v2\/posts"}],"about":[{"href":"https:\/\/linitiative.ca\/International\/wp-json\/wp\/v2\/types\/post"}],"author":[{"embeddable":true,"href":"https:\/\/linitiative.ca\/International\/wp-json\/wp\/v2\/users\/1965"}],"replies":[{"embeddable":true,"href":"https:\/\/linitiative.ca\/International\/wp-json\/wp\/v2\/comments?post=15281"}],"version-history":[{"count":0,"href":"https:\/\/linitiative.ca\/International\/wp-json\/wp\/v2\/posts\/15281\/revisions"}],"wp:attachment":[{"href":"https:\/\/linitiative.ca\/International\/wp-json\/wp\/v2\/media?parent=15281"}],"wp:term":[{"taxonomy":"category","embeddable":true,"href":"https:\/\/linitiative.ca\/International\/wp-json\/wp\/v2\/categories?post=15281"},{"taxonomy":"post_tag","embeddable":true,"href":"https:\/\/linitiative.ca\/International\/wp-json\/wp\/v2\/tags?post=15281"}],"curies":[{"name":"wp","href":"https:\/\/api.w.org\/{rel}","templated":true}]}}