{"id":152823,"date":"2022-07-18T13:24:45","date_gmt":"2022-07-18T17:24:45","guid":{"rendered":"https:\/\/linitiative.ca\/International\/situation-nationale-le-nonce-apostolique-porte-le-message-de-soutien-du-pape-francois-au-president-du-faso\/"},"modified":"2022-07-18T13:24:45","modified_gmt":"2022-07-18T17:24:45","slug":"situation-nationale-le-nonce-apostolique-porte-le-message-de-soutien-du-pape-francois-au-president-du-faso","status":"publish","type":"post","link":"https:\/\/linitiative.ca\/International\/situation-nationale-le-nonce-apostolique-porte-le-message-de-soutien-du-pape-francois-au-president-du-faso\/","title":{"rendered":"Situation nationale : le Nonce apostolique porte le message de soutien du Pape Fran\u00e7ois au Pr\u00e9sident du Faso"},"content":{"rendered":"<div>\n<p><strong>Le Pr\u00e9sident du Faso, Paul-Henri Sandaogo Damiba, a accord\u00e9, ce lundi 18 juillet 2022, une audience au Nonce apostolique aupr\u00e8s du Burkina Faso, Son Excellence Monseigneur Michael Francis CROTTY.<\/strong><\/p>\n<p>Les deux hommes ont \u00e9chang\u00e9 essentiellement sur la paix et la r\u00e9conciliation nationale.<br \/>\n\u00ab Comme repr\u00e9sentant du Saint p\u00e8re, j\u2019ai port\u00e9 les pri\u00e8res pour tout le Burkina Faso du Pape Fran\u00e7ois, qui est touch\u00e9 par le besoin de paix et de r\u00e9conciliation nationale dans le pays \u00bb, a d\u00e9clar\u00e9 le Nonce apostolique \u00e0 sa sortie d\u2019audience.<\/p>\n<p><img decoding=\"async\" data-attachment-id=\"52445\" data-permalink=\"https:\/\/www.sidwaya.info\/blog\/2022\/07\/18\/situation-nationale-le-nonce-apostolique-porte-le-message-de-soutien-du-pape-francois-au-president-du-faso\/1-3037\/\" data-orig-file=\"https:\/\/i0.wp.com\/www.sidwaya.info\/wp-content\/uploads\/2022\/07\/1-4.jpeg?fit=800%2C644&amp;ssl=1\" data-orig-size=\"800,644\" data-comments-opened=\"1\" data-image-meta='{\"aperture\":\"0\",\"credit\":\"\",\"camera\":\"\",\"caption\":\"\",\"created_timestamp\":\"0\",\"copyright\":\"\",\"focal_length\":\"0\",\"iso\":\"0\",\"shutter_speed\":\"0\",\"title\":\"\",\"orientation\":\"1\"}' data-image-title=\"1\" data-image-description=\"\" data-image-caption=\"\" data-medium-file=\"https:\/\/i0.wp.com\/www.sidwaya.info\/wp-content\/uploads\/2022\/07\/1-4.jpeg?fit=300%2C242&amp;ssl=1\" data-large-file=\"https:\/\/i0.wp.com\/www.sidwaya.info\/wp-content\/uploads\/2022\/07\/1-4.jpeg?fit=696%2C560&amp;ssl=1\" loading=\"lazy\" class=\"alignnone size-full wp-image-52445\" src=\"https:\/\/i0.wp.com\/www.sidwaya.info\/wp-content\/uploads\/2022\/07\/1-4.jpeg?resize=696,560&amp;ssl=1\" alt=\"\" width=\"696\" height=\"560\" srcset=\"https:\/\/i0.wp.com\/www.sidwaya.info\/wp-content\/uploads\/2022\/07\/1-4.jpeg?w=800&amp;ssl=1 800w, https:\/\/i0.wp.com\/www.sidwaya.info\/wp-content\/uploads\/2022\/07\/1-4.jpeg?resize=300%2C242&amp;ssl=1 300w, https:\/\/i0.wp.com\/www.sidwaya.info\/wp-content\/uploads\/2022\/07\/1-4.jpeg?resize=768%2C618&amp;ssl=1 768w, https:\/\/i0.wp.com\/www.sidwaya.info\/wp-content\/uploads\/2022\/07\/1-4.jpeg?resize=150%2C121&amp;ssl=1 150w, https:\/\/i0.wp.com\/www.sidwaya.info\/wp-content\/uploads\/2022\/07\/1-4.jpeg?resize=696,560&amp;ssl=1 696w, https:\/\/i0.wp.com\/www.sidwaya.info\/wp-content\/uploads\/2022\/07\/1-4.jpeg?resize=522%2C420&amp;ssl=1 522w\" sizes=\"auto, (max-width: 696px) 100vw, 696px\" data-recalc-dims=\"1\">L\u2019audience a \u00e9t\u00e9 une opportunit\u00e9 pour les deux personnalit\u00e9s d\u2019aborder la contribution de l\u2019Eglise catholique au d\u00e9veloppement de notre pays.<br \/>\nA cette occasion, le repr\u00e9sentant de l\u2019Eglise catholique au Burkina Faso a r\u00e9affirm\u00e9 que \u00ab l\u2019Eglise travaille pour le bien commun de tous les Burkinab\u00e8 \u00bb.<\/p>\n<p>\u00ab Nous sommes dans la coop\u00e9ration au niveau de l\u2019\u00e9ducation, de la sant\u00e9 et nous avons un profond d\u00e9sir d\u2019aider tous les Burkinab\u00e8 \u00bb, a soutenu le Nonce apostolique Son Excellence Monseigneur Michael Francis CROTTY.<\/p>\n<p>Sidwaya.info<\/p>\n<\/div>\n<p>Auteur: BS. Sidwaya<br \/>\n<a href=\"https:\/\/www.sidwaya.info\/blog\/2022\/07\/18\/situation-nationale-le-nonce-apostolique-porte-le-message-de-soutien-du-pape-francois-au-president-du-faso\/\">Cliquez ici pour lire l&rsquo;article depuis sa source.<\/a><\/p>\n","protected":false},"excerpt":{"rendered":"<p>Le Pr\u00e9sident du Faso, Paul-Henri Sandaogo Damiba, a accord\u00e9, ce lundi 18 juillet 2022, une audience au Nonce apostolique aupr\u00e8s du Burkina Faso, Son Excellence Monseigneur Michael Francis CROTTY. Les deux hommes ont \u00e9chang\u00e9 essentiellement sur la paix et la r\u00e9conciliation nationale. \u00ab Comme repr\u00e9sentant du Saint p\u00e8re, j\u2019ai port\u00e9 les pri\u00e8res pour tout le [&hellip;]<\/p>\n","protected":false},"author":1816,"featured_media":0,"comment_status":"closed","ping_status":"closed","sticky":false,"template":"","format":"standard","meta":{"fifu_image_url":"https:\/\/i0.wp.com\/www.sidwaya.info\/wp-content\/uploads\/2022\/07\/1-4.jpeg?resize=696,560&ssl=1","fifu_image_alt":"Situation nationale : le Nonce apostolique porte le message de soutien du Pape Fran\u00e7ois au Pr\u00e9sident du Faso","footnotes":""},"categories":[73,81],"tags":[],"class_list":["post-152823","post","type-post","status-publish","format-standard","hentry","category-actualite","category-burkina-faso"],"_links":{"self":[{"href":"https:\/\/linitiative.ca\/International\/wp-json\/wp\/v2\/posts\/152823","targetHints":{"allow":["GET"]}}],"collection":[{"href":"https:\/\/linitiative.ca\/International\/wp-json\/wp\/v2\/posts"}],"about":[{"href":"https:\/\/linitiative.ca\/International\/wp-json\/wp\/v2\/types\/post"}],"author":[{"embeddable":true,"href":"https:\/\/linitiative.ca\/International\/wp-json\/wp\/v2\/users\/1816"}],"replies":[{"embeddable":true,"href":"https:\/\/linitiative.ca\/International\/wp-json\/wp\/v2\/comments?post=152823"}],"version-history":[{"count":0,"href":"https:\/\/linitiative.ca\/International\/wp-json\/wp\/v2\/posts\/152823\/revisions"}],"wp:attachment":[{"href":"https:\/\/linitiative.ca\/International\/wp-json\/wp\/v2\/media?parent=152823"}],"wp:term":[{"taxonomy":"category","embeddable":true,"href":"https:\/\/linitiative.ca\/International\/wp-json\/wp\/v2\/categories?post=152823"},{"taxonomy":"post_tag","embeddable":true,"href":"https:\/\/linitiative.ca\/International\/wp-json\/wp\/v2\/tags?post=152823"}],"curies":[{"name":"wp","href":"https:\/\/api.w.org\/{rel}","templated":true}]}}