{"id":152824,"date":"2022-07-18T13:35:27","date_gmt":"2022-07-18T17:35:27","guid":{"rendered":"https:\/\/linitiative.ca\/International\/sante-le-siege-de-lagence-africaine-des-medicaments-sera-au-rwanda-selon-une-decision-de-lunion-africaineua\/"},"modified":"2022-07-18T13:35:27","modified_gmt":"2022-07-18T17:35:27","slug":"sante-le-siege-de-lagence-africaine-des-medicaments-sera-au-rwanda-selon-une-decision-de-lunion-africaineua","status":"publish","type":"post","link":"https:\/\/linitiative.ca\/International\/sante-le-siege-de-lagence-africaine-des-medicaments-sera-au-rwanda-selon-une-decision-de-lunion-africaineua\/","title":{"rendered":"Sant\u00e9 : le si\u00e8ge de l\u2019Agence africaine des m\u00e9dicaments sera au Rwanda, selon une d\u00e9cision de l\u2019Union africaine(UA)"},"content":{"rendered":"<div>\n<p>Le leadership du Rwanda en Afrique a encore pay\u00e9. Le Conseil ex\u00e9cutif de l\u2019Union africaine a choisi le pays de Paul Kagam\u00e9 pour abriter le si\u00e8ge de l\u2019Agence africaine des m\u00e9dicaments (AMA).<\/p>\n<p>La Tunisie et l\u2019Alg\u00e9rie \u00e9taient aussi candidats pour abriter le si\u00e8ge de l\u2019AMA. Selon l\u2019UA, l\u2019AMA a pour objectif de renforcer les capacit\u00e9s des \u00c9tats et des Communaut\u00e9s \u00e9conomiques r\u00e9gionales \u00e0 mieux r\u00e9glementer les produits m\u00e9dicaux, dans le but d\u2019un acc\u00e8s facile et efficace en faveur des populations.<\/p>\n<p><strong>AK<\/strong><\/p>\n<\/div>\n<p>Auteur: Wamini SIDWAYA<br \/>\n<a href=\"https:\/\/www.sidwaya.info\/blog\/2022\/07\/18\/sante-le-siege-de-lagence-africaine-des-medicaments-sera-au-rwanda-selon-une-decision-de-lunion-africaineua\/\">Cliquez ici pour lire l&rsquo;article depuis sa source.<\/a><\/p>\n","protected":false},"excerpt":{"rendered":"<p>Le leadership du Rwanda en Afrique a encore pay\u00e9. Le Conseil ex\u00e9cutif de l\u2019Union africaine a choisi le pays de Paul Kagam\u00e9 pour abriter le si\u00e8ge de l\u2019Agence africaine des m\u00e9dicaments (AMA). La Tunisie et l\u2019Alg\u00e9rie \u00e9taient aussi candidats pour abriter le si\u00e8ge de l\u2019AMA. Selon l\u2019UA, l\u2019AMA a pour objectif de renforcer les capacit\u00e9s [&hellip;]<\/p>\n","protected":false},"author":1816,"featured_media":0,"comment_status":"closed","ping_status":"closed","sticky":false,"template":"","format":"standard","meta":{"fifu_image_url":"","fifu_image_alt":"","footnotes":""},"categories":[73,81],"tags":[],"class_list":["post-152824","post","type-post","status-publish","format-standard","hentry","category-actualite","category-burkina-faso"],"_links":{"self":[{"href":"https:\/\/linitiative.ca\/International\/wp-json\/wp\/v2\/posts\/152824","targetHints":{"allow":["GET"]}}],"collection":[{"href":"https:\/\/linitiative.ca\/International\/wp-json\/wp\/v2\/posts"}],"about":[{"href":"https:\/\/linitiative.ca\/International\/wp-json\/wp\/v2\/types\/post"}],"author":[{"embeddable":true,"href":"https:\/\/linitiative.ca\/International\/wp-json\/wp\/v2\/users\/1816"}],"replies":[{"embeddable":true,"href":"https:\/\/linitiative.ca\/International\/wp-json\/wp\/v2\/comments?post=152824"}],"version-history":[{"count":0,"href":"https:\/\/linitiative.ca\/International\/wp-json\/wp\/v2\/posts\/152824\/revisions"}],"wp:attachment":[{"href":"https:\/\/linitiative.ca\/International\/wp-json\/wp\/v2\/media?parent=152824"}],"wp:term":[{"taxonomy":"category","embeddable":true,"href":"https:\/\/linitiative.ca\/International\/wp-json\/wp\/v2\/categories?post=152824"},{"taxonomy":"post_tag","embeddable":true,"href":"https:\/\/linitiative.ca\/International\/wp-json\/wp\/v2\/tags?post=152824"}],"curies":[{"name":"wp","href":"https:\/\/api.w.org\/{rel}","templated":true}]}}