{"id":152829,"date":"2022-07-18T12:18:03","date_gmt":"2022-07-18T16:18:03","guid":{"rendered":"https:\/\/linitiative.ca\/International\/ghana-des-deces-lies-au-virus-de-marburg\/"},"modified":"2022-07-18T12:18:03","modified_gmt":"2022-07-18T16:18:03","slug":"ghana-des-deces-lies-au-virus-de-marburg","status":"publish","type":"post","link":"https:\/\/linitiative.ca\/International\/ghana-des-deces-lies-au-virus-de-marburg\/","title":{"rendered":"Ghana : des d\u00e9c\u00e8s li\u00e9s au virus de Marburg"},"content":{"rendered":"<div>\n<p><img decoding=\"async\" width=\"250\" height=\"200\" src=\"https:\/\/linitiative.ca\/International\/wp-content\/uploads\/sites\/23\/2022\/07\/16581610834333.jpg\" class=\"attachment-post-thumbnail size-post-thumbnail wp-post-image\" alt=\"\" loading=\"lazy\"><\/p>\n<p>Le Ghana a annonc\u00e9 le premier foyer de la maladie du virus de Marburg.L&rsquo;Institut Pasteur de Dakar, au S\u00e9n\u00e9gal, a re\u00e7u des \u00e9chantillons de chacun des deux patients de la r\u00e9gion d&rsquo;Ashanti dans le Sud du Ghana, tous deux d\u00e9c\u00e9d\u00e9s et sans lien de parent\u00e9, qui pr\u00e9sentaient des sympt\u00f4mes comme la diarrh\u00e9e, la fi\u00e8vre, les naus\u00e9es et les vomissements.<\/p>\n<p>Le laboratoire a corrobor\u00e9 les r\u00e9sultats obtenus par le Noguchi Memorial Institute for Medical Research, qui ont sugg\u00e9r\u00e9 que les patients souffraient du virus de Marburg.<\/p>\n<p>Le premier cas \u00e9tait un homme de 26 ans qui s&rsquo;est pr\u00e9sent\u00e9 \u00e0 l&rsquo;h\u00f4pital le 26 juin 2022 et est d\u00e9c\u00e9d\u00e9 le 27 juin. Le second cas \u00e9tait un homme de 51 ans qui s&rsquo;est pr\u00e9sent\u00e9 \u00e0 l&rsquo;h\u00f4pital le 28 juin et est d\u00e9c\u00e9d\u00e9 le m\u00eame jour.<\/p>\n<p>Les deux cas ont \u00e9t\u00e9 trait\u00e9s dans le m\u00eame h\u00f4pital \u00e0 quelques jours d&rsquo;intervalle.<\/p>\n<p>L&rsquo;Organisation mondiale de la sant\u00e9 (OMS) a soutenu une \u00e9quipe nationale d&rsquo;enqu\u00eate dans la r\u00e9gion d&rsquo;Ashanti ainsi que les autorit\u00e9s sanitaires du Ghana en d\u00e9ployant des experts, en mettant \u00e0 disposition des \u00e9quipements de protection individuelle, en renfor\u00e7ant la surveillance de la maladie, en effectuant des tests, en recherchant les contacts et en travaillant avec les communaut\u00e9s pour les alerter et les \u00e9duquer sur les risques et les dangers de la maladie, et pour collaborer avec les \u00e9quipes d&rsquo;intervention d&rsquo;urgence.<\/p>\n<p>En outre, une \u00e9quipe d&rsquo;experts de l&rsquo;OMS sera d\u00e9ploy\u00e9e au cours des prochains jours pour assurer la coordination, l&rsquo;\u00e9valuation des risques et les mesures de pr\u00e9vention des infections.<\/p>\n<p>\u00ab Les autorit\u00e9s sanitaires ont r\u00e9agi rapidement, prenant une longueur d&rsquo;avance pour se pr\u00e9parer \u00e0 une \u00e9ventuelle \u00e9pid\u00e9mie. C&rsquo;est une bonne chose car, sans action imm\u00e9diate et d\u00e9cisive, le Marburg peut facilement devenir incontr\u00f4lable. L&rsquo;OMS est sur le terrain pour soutenir les autorit\u00e9s sanitaires et, maintenant que la flamb\u00e9e est d\u00e9clar\u00e9e, nous mobilisons davantage de ressources pour la r\u00e9ponse\u00a0\u00bb, a d\u00e9clar\u00e9 le Dr Matshidiso Moeti, directeur r\u00e9gional de l&rsquo;OMS pour l&rsquo;Afrique.<\/p>\n<p>Plus de 90 contacts, dont des agents de sant\u00e9 et des membres de la communaut\u00e9, ont \u00e9t\u00e9 identifi\u00e9s et font l&rsquo;objet d&rsquo;un suivi.<\/p>\n<p>Marburg est une fi\u00e8vre h\u00e9morragique virale hautement infectieuse de la m\u00eame famille que la maladie \u00e0 virus Ebola, plus connue.<\/p>\n<p>C&rsquo;est seulement la deuxi\u00e8me fois que cette zoonose (maladie transmise par l&rsquo;animal \u00e0 l&rsquo;homme) est d\u00e9tect\u00e9e en Afrique de l&rsquo;Ouest.<\/p>\n<p>La Guin\u00e9e a confirm\u00e9 un seul cas dans une \u00e9pid\u00e9mie qui a \u00e9t\u00e9 d\u00e9clar\u00e9e termin\u00e9e le 16 septembre 2021, cinq semaines apr\u00e8s la d\u00e9tection du cas initial.<\/p>\n<p>Les pr\u00e9c\u00e9dentes flamb\u00e9es et les cas sporadiques de Marburg en Afrique ont \u00e9t\u00e9 signal\u00e9s en Angola, en R\u00e9publique d\u00e9mocratique du Congo, au Kenya, en Afrique du Sud et en Ouganda.<\/p>\n<p>L&rsquo;OMS a contact\u00e9 les pays voisins \u00e0 haut risque, qui sont en \u00e9tat d&rsquo;alerte.<\/p>\n<p>Le Marburg est transmis \u00e0 l&rsquo;homme par les chauves-souris frugivores et se propage parmi les humains par contact direct avec les fluides corporels des personnes, surfaces et mat\u00e9riaux infect\u00e9s.<\/p>\n<p>Cet article <a rel=\"nofollow\" href=\"https:\/\/www.journalducameroun.com\/ghana-des-deces-lies-au-virus-de-marburg\/\">Ghana : des d\u00e9c\u00e8s li\u00e9s au virus de Marburg<\/a> est apparu en premier sur <a rel=\"nofollow\" href=\"https:\/\/www.journalducameroun.com\/\">Journal du Cameroun<\/a>.<\/p>\n<\/div>\n<p>Auteur: APA News<br \/>\n<a href=\"https:\/\/www.journalducameroun.com\/ghana-des-deces-lies-au-virus-de-marburg\/\">Cliquez ici pour lire l&rsquo;article depuis sa source.<\/a><\/p>\n","protected":false},"excerpt":{"rendered":"<p>Le Ghana a annonc\u00e9 le premier foyer de la maladie du virus de Marburg.L&rsquo;Institut Pasteur de Dakar, au S\u00e9n\u00e9gal, a re\u00e7u des \u00e9chantillons de chacun des deux patients de la r\u00e9gion d&rsquo;Ashanti dans le Sud du Ghana, tous deux d\u00e9c\u00e9d\u00e9s et sans lien de parent\u00e9, qui pr\u00e9sentaient des sympt\u00f4mes comme la diarrh\u00e9e, la fi\u00e8vre, les [&hellip;]<\/p>\n","protected":false},"author":1965,"featured_media":0,"comment_status":"closed","ping_status":"closed","sticky":false,"template":"","format":"standard","meta":{"fifu_image_url":"https:\/\/www.journalducameroun.com\/wp-content\/uploads\/2022\/07\/16581610834333.jpg","fifu_image_alt":"Ghana : des d\u00e9c\u00e8s li\u00e9s au virus de Marburg","footnotes":""},"categories":[73,82],"tags":[],"class_list":["post-152829","post","type-post","status-publish","format-standard","hentry","category-actualite","category-cameroun"],"_links":{"self":[{"href":"https:\/\/linitiative.ca\/International\/wp-json\/wp\/v2\/posts\/152829","targetHints":{"allow":["GET"]}}],"collection":[{"href":"https:\/\/linitiative.ca\/International\/wp-json\/wp\/v2\/posts"}],"about":[{"href":"https:\/\/linitiative.ca\/International\/wp-json\/wp\/v2\/types\/post"}],"author":[{"embeddable":true,"href":"https:\/\/linitiative.ca\/International\/wp-json\/wp\/v2\/users\/1965"}],"replies":[{"embeddable":true,"href":"https:\/\/linitiative.ca\/International\/wp-json\/wp\/v2\/comments?post=152829"}],"version-history":[{"count":0,"href":"https:\/\/linitiative.ca\/International\/wp-json\/wp\/v2\/posts\/152829\/revisions"}],"wp:attachment":[{"href":"https:\/\/linitiative.ca\/International\/wp-json\/wp\/v2\/media?parent=152829"}],"wp:term":[{"taxonomy":"category","embeddable":true,"href":"https:\/\/linitiative.ca\/International\/wp-json\/wp\/v2\/categories?post=152829"},{"taxonomy":"post_tag","embeddable":true,"href":"https:\/\/linitiative.ca\/International\/wp-json\/wp\/v2\/tags?post=152829"}],"curies":[{"name":"wp","href":"https:\/\/api.w.org\/{rel}","templated":true}]}}