{"id":152831,"date":"2022-07-18T12:45:42","date_gmt":"2022-07-18T16:45:42","guid":{"rendered":"https:\/\/linitiative.ca\/International\/une-americaine-se-reveille-dun-coma-de-deux-ans-et-accuse-son-frere\/"},"modified":"2022-07-18T12:45:42","modified_gmt":"2022-07-18T16:45:42","slug":"une-americaine-se-reveille-dun-coma-de-deux-ans-et-accuse-son-frere","status":"publish","type":"post","link":"https:\/\/linitiative.ca\/International\/une-americaine-se-reveille-dun-coma-de-deux-ans-et-accuse-son-frere\/","title":{"rendered":"Une Am\u00e9ricaine se r\u00e9veille d\u2019un coma de deux ans et accuse son fr\u00e8re"},"content":{"rendered":"<div>\n<p><img decoding=\"async\" width=\"660\" height=\"287\" src=\"https:\/\/linitiative.ca\/International\/wp-content\/uploads\/sites\/23\/2022\/07\/Wanda-Palmer.jpg\" class=\"attachment-post-thumbnail size-post-thumbnail wp-post-image\" alt=\"\" loading=\"lazy\" srcset=\"https:\/\/linitiative.ca\/International\/wp-content\/uploads\/sites\/23\/2022\/07\/Wanda-Palmer.jpg 660w, https:\/\/www.journalducameroun.com\/wp-content\/uploads\/2022\/07\/Wanda-Palmer-300x130.jpg 300w, https:\/\/www.journalducameroun.com\/wp-content\/uploads\/2022\/07\/Wanda-Palmer-600x261.jpg 600w\" sizes=\"auto, (max-width: 660px) 100vw, 660px\"><\/p>\n<h2 style=\"text-align: justify;\">Laiss\u00e9e pour morte en juin 2020 \u00e0\u00a0Cottageville, Wanda Palmer s\u2019est r\u00e9veill\u00e9e et a identifi\u00e9 son agresseur, son fr\u00e8re, ce qui a permis son arrestation.<\/h2>\n<p style=\"text-align: justify;\">Les faits sont rapport\u00e9s par le journal le Point. Une Am\u00e9ricaine victime d&rsquo;une violente attaque s&rsquo;est r\u00e9veill\u00e9e d&rsquo;un coma de deux ans et a \u00e9t\u00e9 en mesure d&rsquo;identifier son agresseur, qui n&rsquo;\u00e9tait autre que son fr\u00e8re. \u00ab\u00a0Attaqu\u00e9e, frapp\u00e9e et laiss\u00e9e pour morte, Wanda Palmer est d\u00e9sormais r\u00e9veill\u00e9e pour voir l&rsquo;arrestation de son agresseur, son fr\u00e8re, Daniel Palmer\u00a0\u00bb, ont d\u00e9clar\u00e9 sur Facebook les forces de l&rsquo;ordre du comt\u00e9 de Jackson, dans l&rsquo;\u00c9tat rural et montagneux de la Virginie-Occidentale, vendredi 15\u00a0juillet.<\/p>\n<p style=\"text-align: justify;\">Wanda Palmer, 51\u00a0ans, avait \u00e9t\u00e9 retrouv\u00e9e ensanglant\u00e9e chez elle \u00e0 Cottageville, petite bourgade dans l&rsquo;ouest du comt\u00e9, en juin 2020. \u00ab\u00a0Elle avait un tr\u00e8s important traumatisme cr\u00e2nien qui pouvait correspondre \u00e0 une blessure caus\u00e9e par une machette ou une hache\u00a0\u00bb, a d\u00e9taill\u00e9 le sh\u00e9rif Ross Mellinger \u00e0 une cha\u00eene locale. La police l&rsquo;avait crue morte, avant de se rendre compte qu&rsquo;elle respirait faiblement.<\/p>\n<p style=\"text-align: justify;\"><a href=\"https:\/\/www.lepoint.fr\/monde\/une-americaine-se-reveille-d-un-coma-de-deux-ans-et-accuse-son-frere-18-07-2022-2483633_24.php\">Une Am\u00e9ricaine se r\u00e9veille d\u2019un coma de deux ans et accuse son fr\u00e8re &#8211; Le Point<\/a><\/p>\n<p style=\"text-align: justify;\">L&rsquo;arme du crime n&rsquo;ayant jamais \u00e9t\u00e9 retrouv\u00e9e, sans donn\u00e9es t\u00e9l\u00e9phoniques, images de vid\u00e9os de surveillance ou t\u00e9moins oculaires, l&rsquo;enqu\u00eate pi\u00e9tinait depuis deux ans. Incapable de faire des phrases compl\u00e8tes, mais en mesure de r\u00e9pondre par oui ou non, Wanda Palmer a accus\u00e9 son fr\u00e8re Daniel, 55\u00a0ans, de l&rsquo;avoir attaqu\u00e9e. Ce dernier a \u00e9t\u00e9 arr\u00eat\u00e9 et inculp\u00e9 de tentative de meurtre et violences aggrav\u00e9es.<\/p>\n<p>Cet article <a rel=\"nofollow\" href=\"https:\/\/www.journalducameroun.com\/une-americaine-se-reveille-dun-coma-de-deux-ans-et-accuse-son-frere\/\">Une Am\u00e9ricaine se r\u00e9veille d\u2019un coma de deux ans et accuse son fr\u00e8re<\/a> est apparu en premier sur <a rel=\"nofollow\" href=\"https:\/\/www.journalducameroun.com\/\">Journal du Cameroun<\/a>.<\/p>\n<\/div>\n<p>Auteur: Emile Zola Nd\u00e9 Tchoussi<br \/>\n<a href=\"https:\/\/www.journalducameroun.com\/une-americaine-se-reveille-dun-coma-de-deux-ans-et-accuse-son-frere\/\">Cliquez ici pour lire l&rsquo;article depuis sa source.<\/a><\/p>\n","protected":false},"excerpt":{"rendered":"<p>Laiss\u00e9e pour morte en juin 2020 \u00e0\u00a0Cottageville, Wanda Palmer s\u2019est r\u00e9veill\u00e9e et a identifi\u00e9 son agresseur, son fr\u00e8re, ce qui a permis son arrestation. Les faits sont rapport\u00e9s par le journal le Point. Une Am\u00e9ricaine victime d&rsquo;une violente attaque s&rsquo;est r\u00e9veill\u00e9e d&rsquo;un coma de deux ans et a \u00e9t\u00e9 en mesure d&rsquo;identifier son agresseur, qui [&hellip;]<\/p>\n","protected":false},"author":1965,"featured_media":0,"comment_status":"closed","ping_status":"closed","sticky":false,"template":"","format":"standard","meta":{"fifu_image_url":"https:\/\/www.journalducameroun.com\/wp-content\/uploads\/2022\/07\/Wanda-Palmer.jpg","fifu_image_alt":"Une Am\u00e9ricaine se r\u00e9veille d\u2019un coma de deux ans et accuse son fr\u00e8re","footnotes":""},"categories":[73,82],"tags":[],"class_list":["post-152831","post","type-post","status-publish","format-standard","hentry","category-actualite","category-cameroun"],"_links":{"self":[{"href":"https:\/\/linitiative.ca\/International\/wp-json\/wp\/v2\/posts\/152831","targetHints":{"allow":["GET"]}}],"collection":[{"href":"https:\/\/linitiative.ca\/International\/wp-json\/wp\/v2\/posts"}],"about":[{"href":"https:\/\/linitiative.ca\/International\/wp-json\/wp\/v2\/types\/post"}],"author":[{"embeddable":true,"href":"https:\/\/linitiative.ca\/International\/wp-json\/wp\/v2\/users\/1965"}],"replies":[{"embeddable":true,"href":"https:\/\/linitiative.ca\/International\/wp-json\/wp\/v2\/comments?post=152831"}],"version-history":[{"count":0,"href":"https:\/\/linitiative.ca\/International\/wp-json\/wp\/v2\/posts\/152831\/revisions"}],"wp:attachment":[{"href":"https:\/\/linitiative.ca\/International\/wp-json\/wp\/v2\/media?parent=152831"}],"wp:term":[{"taxonomy":"category","embeddable":true,"href":"https:\/\/linitiative.ca\/International\/wp-json\/wp\/v2\/categories?post=152831"},{"taxonomy":"post_tag","embeddable":true,"href":"https:\/\/linitiative.ca\/International\/wp-json\/wp\/v2\/tags?post=152831"}],"curies":[{"name":"wp","href":"https:\/\/api.w.org\/{rel}","templated":true}]}}