{"id":152835,"date":"2022-07-18T13:18:03","date_gmt":"2022-07-18T17:18:03","guid":{"rendered":"https:\/\/linitiative.ca\/International\/nigeria-larmee-neutralise-cinq-terroristes\/"},"modified":"2022-07-18T13:18:03","modified_gmt":"2022-07-18T17:18:03","slug":"nigeria-larmee-neutralise-cinq-terroristes","status":"publish","type":"post","link":"https:\/\/linitiative.ca\/International\/nigeria-larmee-neutralise-cinq-terroristes\/","title":{"rendered":"Nig\u00e9ria : l\u2019arm\u00e9e neutralise cinq terroristes"},"content":{"rendered":"<div>\n<p><img decoding=\"async\" width=\"250\" height=\"200\" src=\"https:\/\/linitiative.ca\/International\/wp-content\/uploads\/sites\/23\/2022\/07\/16581646845079.jpg\" class=\"attachment-post-thumbnail size-post-thumbnail wp-post-image\" alt=\"\" loading=\"lazy\"><\/p>\n<p>Le quartier g\u00e9n\u00e9ral des Forces de d\u00e9fense nig\u00e9riane a \u00e9galement r\u00e9cup\u00e9r\u00e9 une cache d&rsquo;armes lors d&rsquo;op\u00e9rations distinctes dans les Etats de Benue et de Katsina, dans le nord du pays.Le Directeur des op\u00e9rations m\u00e9diatiques de la d\u00e9fense, le Major g\u00e9n\u00e9ral Bernard Onyeuko, a d\u00e9clar\u00e9 que l&rsquo;op\u00e9ration Whirl Stroke, men\u00e9e le 15 juillet 2022, a permis \u00e9galement d&rsquo;\u00e9liminer trois bandits lors d&rsquo;un raid \u00e0 Chito, dans l&rsquo;\u00c9tat de Benue.<\/p>\n<p>Il a expliqu\u00e9 que le raid a \u00e9t\u00e9 men\u00e9 sur la base de renseignements cr\u00e9dibles et que les bandits ont engag\u00e9 les troupes dans une bataille f\u00e9roce, mais ont \u00e9t\u00e9 ma\u00eetris\u00e9s par la puissance de feu sup\u00e9rieure des troupes.<\/p>\n<p>Selon lui, les troupes d&rsquo;une autre op\u00e9ration Hadarin Daji ont \u00e9limin\u00e9, lors d&rsquo;une op\u00e9ration sp\u00e9ciale le 17 juillet, deux terroristes dans le village de Falalen-Jaja, dans l&rsquo;\u00c9tat de Katsina.<\/p>\n<p>Le Major g\u00e9n\u00e9ral Bernard Onyeuko a expliqu\u00e9 que les troupes ont r\u00e9cup\u00e9r\u00e9, entre autres, deux fusils AK 47, deux chargeurs, 16 cartouches de munitions sp\u00e9ciales de 7,62 mm, six motos, deux t\u00e9l\u00e9phones portables et des paquets de tramadol.<\/p>\n<p>Cet article <a rel=\"nofollow\" href=\"https:\/\/www.journalducameroun.com\/nigeria-larmee-neutralise-cinq-terroristes\/\">Nig\u00e9ria : l\u2019arm\u00e9e neutralise cinq terroristes<\/a> est apparu en premier sur <a rel=\"nofollow\" href=\"https:\/\/www.journalducameroun.com\/\">Journal du Cameroun<\/a>.<\/p>\n<\/div>\n<p>Auteur: APA News<br \/>\n<a href=\"https:\/\/www.journalducameroun.com\/nigeria-larmee-neutralise-cinq-terroristes\/\">Cliquez ici pour lire l&rsquo;article depuis sa source.<\/a><\/p>\n","protected":false},"excerpt":{"rendered":"<p>Le quartier g\u00e9n\u00e9ral des Forces de d\u00e9fense nig\u00e9riane a \u00e9galement r\u00e9cup\u00e9r\u00e9 une cache d&rsquo;armes lors d&rsquo;op\u00e9rations distinctes dans les Etats de Benue et de Katsina, dans le nord du pays.Le Directeur des op\u00e9rations m\u00e9diatiques de la d\u00e9fense, le Major g\u00e9n\u00e9ral Bernard Onyeuko, a d\u00e9clar\u00e9 que l&rsquo;op\u00e9ration Whirl Stroke, men\u00e9e le 15 juillet 2022, a permis [&hellip;]<\/p>\n","protected":false},"author":1965,"featured_media":0,"comment_status":"closed","ping_status":"closed","sticky":false,"template":"","format":"standard","meta":{"fifu_image_url":"https:\/\/www.journalducameroun.com\/wp-content\/uploads\/2022\/07\/16581646845079.jpg","fifu_image_alt":"Nig\u00e9ria : l\u2019arm\u00e9e neutralise cinq terroristes","footnotes":""},"categories":[73,82],"tags":[],"class_list":["post-152835","post","type-post","status-publish","format-standard","hentry","category-actualite","category-cameroun"],"_links":{"self":[{"href":"https:\/\/linitiative.ca\/International\/wp-json\/wp\/v2\/posts\/152835","targetHints":{"allow":["GET"]}}],"collection":[{"href":"https:\/\/linitiative.ca\/International\/wp-json\/wp\/v2\/posts"}],"about":[{"href":"https:\/\/linitiative.ca\/International\/wp-json\/wp\/v2\/types\/post"}],"author":[{"embeddable":true,"href":"https:\/\/linitiative.ca\/International\/wp-json\/wp\/v2\/users\/1965"}],"replies":[{"embeddable":true,"href":"https:\/\/linitiative.ca\/International\/wp-json\/wp\/v2\/comments?post=152835"}],"version-history":[{"count":0,"href":"https:\/\/linitiative.ca\/International\/wp-json\/wp\/v2\/posts\/152835\/revisions"}],"wp:attachment":[{"href":"https:\/\/linitiative.ca\/International\/wp-json\/wp\/v2\/media?parent=152835"}],"wp:term":[{"taxonomy":"category","embeddable":true,"href":"https:\/\/linitiative.ca\/International\/wp-json\/wp\/v2\/categories?post=152835"},{"taxonomy":"post_tag","embeddable":true,"href":"https:\/\/linitiative.ca\/International\/wp-json\/wp\/v2\/tags?post=152835"}],"curies":[{"name":"wp","href":"https:\/\/api.w.org\/{rel}","templated":true}]}}