{"id":152875,"date":"2022-07-19T03:13:14","date_gmt":"2022-07-19T07:13:14","guid":{"rendered":"https:\/\/linitiative.ca\/International\/le-labess-lance-la-10e-promotion-de-son-programme-dincubation\/"},"modified":"2022-07-19T03:13:14","modified_gmt":"2022-07-19T07:13:14","slug":"le-labess-lance-la-10e-promotion-de-son-programme-dincubation","status":"publish","type":"post","link":"https:\/\/linitiative.ca\/International\/le-labess-lance-la-10e-promotion-de-son-programme-dincubation\/","title":{"rendered":"Le Lab\u2019ess lance la 10e promotion de son programme d\u2019incubation !"},"content":{"rendered":"<div>\n<p>\u00a0<\/p>\n<p><strong>L\u2019acc\u00e9l\u00e9rateur d\u2019innovation sociale Lab\u2019ess continue son engagement aupr\u00e8s de l\u2019entreprenariat social tunisien avec le lancement de la 10<sup>e<\/sup> promotion de son incubateur. Ce sont donc 9 nouveaux porteur.e.s de projet \u00e0 impact qui ont d\u00e9marr\u00e9 ce mois-ci l\u2019accompagnement par le Lab\u2019ess.<\/strong><\/p>\n<p><strong>\u00a0<\/strong><\/p>\n<p><strong>UN INCUBATEUR AU SERVICE DE L\u2019INNOVATION SOCIALE<\/strong><\/p>\n<p>Dans un contexte social, \u00e9conomique et environnemental en pleine mutation, des besoins nouveaux \u00e9mergent et appellent des r\u00e9ponses innovantes. L\u2019ampleur des transformations impose une r\u00e9flexion sur la recomposition des rapports entre \u00e9conomie et soci\u00e9t\u00e9, sur l\u2019invention d\u2019une \u00e9conomie plurielle favorisant l\u2019\u00e9quit\u00e9 sociale et le d\u00e9veloppement durable. L\u2019incubateur du Lab\u2019ess s\u2019inscrit dans cette r\u00e9flexion avec la volont\u00e9 de <strong>favoriser la cr\u00e9ation d\u2019entreprises porteuses d\u2019innovation sociale<\/strong>.<\/p>\n<p>\u00a0<\/p>\n<p>Sur une p\u00e9riode de six mois, <strong>il accompagne, forme et finance<\/strong> des porteurs de projets innovants qui apportent des r\u00e9ponses viables \u00e0 des pr\u00adobl\u00e8mes environnementaux et sociaux. Ainsi, c\u2019est une <strong>formation d\u2019une valeur de 20\u00a0000 dinars qu\u2019offre le Lab\u2019ess<\/strong> <strong>\u00e0 chaque porteur de projet,<\/strong> gr\u00e2ce au soutien de plusieurs bailleurs sensibles \u00e0 l\u2019impact social. Ce dispositif d\u2019accompagnement complet profite en effet de l\u2019appui de l\u2019Agence Fran\u00e7aise de D\u00e9veloppement, de la banque UBCI et du projet Innov\u2019i \u2013 EU4Innovation, d\u2019appui \u00e0 l\u2019\u00e9cosyst\u00e8me de l\u2019entrepreneuriat innovant, financ\u00e9 par l\u2019Union europ\u00e9enne et mis en \u0153uvre par Expertise France.<\/p>\n<p>\u00a0<\/p>\n<p>Lanc\u00e9 le 2 mai dernier, l\u2019appel \u00e0 candidature pour la s\u00e9lection de sa 10<sup>e<\/sup> promotion a su mobiliser les foules\u00a0: au total ce sont <strong>plus de 200 porteur.e.s de projet qui ont postul\u00e9<\/strong> pour rejoindre l\u2019incubateur. Apr\u00e8s l\u2019\u00e9tape du bootcamp et des entretiens individuels, ce sont finalement <strong>9 entrepreneur.e.s qui ont \u00e9t\u00e9 s\u00e9lectionn\u00e9.e.s<\/strong> pour faire partie de cette nouvelle promotion. Des projets innovants et soucieux de l\u2019environnement qui sauront faire rayonner l\u2019\u00e9conomie de demain\u00a0!<\/p>\n<p>\u00a0<\/p>\n<p><strong>D\u00c9COUVREZ LA 10<sup>e<\/sup> PROMOTION : DE NOUVEAUX PROJETS POUR TOUJOURS PLUS D\u2019IMPACT<\/strong><\/p>\n<p><strong>OLISSEY<\/strong> : est une marque d\u2019huile d\u2019olive biologique vierge extra et de produits fermiers transform\u00e9s, produits dans une exploitation agricole familiale.<\/p>\n<p><strong>MIMI GREENS\u00a0<\/strong>: V\u00e9ritables petites bombes de vitamines, sels min\u00e9raux et prot\u00e9ines, MIMI GREENS propose des micro-pousses v\u00e9g\u00e9tales organiques \u00e0 destination des march\u00e9s de la restauration et de la production de soins naturels.<\/p>\n<p><strong>LE JARDIN DE GA\u00cfA <\/strong>: est une ferme agro-\u00e9cologique proposant des produits frais et transform\u00e9s.<\/p>\n<p><strong>SHAB KIDS <\/strong>: est entreprise familiale, proposant des jeux et articles de psychomotricit\u00e9 en bois pour les enfants ou adultes \u00e0 partir de mat\u00e9riaux \u00e9cologiques et certifi\u00e9s.<\/p>\n<p><strong>LE GO\u00dbTER <\/strong>: est un traiteur sp\u00e9cialis\u00e9 dans l\u2019alimentation saine et \u00e9quilibr\u00e9 pour enfants, proposant des services de cantine scolaire, go\u00fbters gourmands et ateliers de cuisine pour les enfants, pour simplifier la vie des mamans.<\/p>\n<p><strong>\u00a0<\/strong><\/p>\n<p><strong>\u00a0<\/strong><\/p>\n<p><strong>FORESTEP <\/strong>: Faire du sport pour combattre le r\u00e9chauffement climatique ! C\u2019est possible avec l\u2019application mobile FORESTEP qui transforme les kilom\u00e8tres parcourus en arbres \u00e0 planter.<\/p>\n<p><strong>LIGNE 13 <\/strong>: est une marque de sacs upcycl\u00e9s \u00e9l\u00e9gants pour le quotidien, produits \u00e0 base de d\u00e9chets de jeans et chutes de tissus.<\/p>\n<p><strong>FRIPEJI.TN <\/strong>: est un marketplace sp\u00e9cialis\u00e9 dans les v\u00eatements d\u2019occasion, donnant l\u2019opportunit\u00e9 aux particuliers d\u2019exposer et de vendre leurs v\u00eatements d\u2019occasion en ligne,<\/p>\n<p>et aux professionnels de la fripe de digitaliser leur boutique et ainsi offrir un large choix aux consommateurs finaux.<\/p>\n<p><strong>LA PAUSE PARENTALE <\/strong>: Parce que devenir parent est l\u2019une des \u00e9tapes les plus importantes de la vie, il est essentiel de bien s\u2019y pr\u00e9parer ! C\u2019est pourquoi la pause parentale propose toute une s\u00e9rie de service autour de la p\u00e9rinatalit\u00e9 et de la parentalit\u00e9 positive, \u00e0 destination des professionnels et des parents.<strong>\u00a0\u00a0 <\/strong><\/p>\n<table width=\"100%\">\n<tbody>\n<tr>\n<td><strong>Mise en \u0153uvre par<\/strong><\/td>\n<\/tr>\n<\/tbody>\n<\/table>\n<table width=\"100%\">\n<tbody>\n<tr>\n<td><strong>Financ\u00e9 par <\/strong><\/p>\n<p><strong>L\u2019Union Europ\u00e9enne<\/strong><\/p>\n<p><strong>\u00a0<\/strong><\/p>\n<\/td>\n<\/tr>\n<\/tbody>\n<\/table>\n<p><strong>A PROPOS DU PROJET INNOV\u2019I \u2013 EU4INNOVATION<\/strong><\/p>\n<p><strong>\u00a0<\/strong><\/p>\n<p>Innov\u2019i \u2013 EU4Innovation est un <strong>projet d\u2019appui \u00e0 l\u2019\u00e9cosyst\u00e8me de l\u2019entrepreneuriat et de l\u2019innovation<\/strong> en Tunisie, financ\u00e9 par l\u2019Union europ\u00e9enne et mis en \u0153uvre par Expertise France. Ce projet vise \u00e0 accompagner le renforcement, la structuration et la p\u00e9rennisation de l\u2019\u00e9cosyst\u00e8me de l\u2019entrepreneuriat et de l\u2019innovation tunisien.<\/p>\n<p>\u00a0<\/p>\n<p>En savoir plus : <a href=\"http:\/\/www.innovi.tn\/\"><strong>www.innovi.tn<\/strong><\/a><\/p>\n<p>The post <a href=\"https:\/\/lexpertjournal.net\/fr\/?p=22586\">Le Lab\u2019ess lance la 10e promotion de son programme d\u2019incubation !<\/a> first appeared on <a href=\"https:\/\/lexpertjournal.net\/fr\">L&rsquo;Expert Journal<\/a>.<\/p>\n<\/div>\n<p>Auteur: L&rsquo;expert<br \/>\n<a href=\"https:\/\/lexpertjournal.net\/fr\/?p=22586\">Cliquez ici pour lire l&rsquo;article depuis sa source.<\/a><\/p>\n","protected":false},"excerpt":{"rendered":"<p>\u00a0 L\u2019acc\u00e9l\u00e9rateur d\u2019innovation sociale Lab\u2019ess continue son engagement aupr\u00e8s de l\u2019entreprenariat social tunisien avec le lancement de la 10e promotion de son incubateur. Ce sont donc 9 nouveaux porteur.e.s de projet \u00e0 impact qui ont d\u00e9marr\u00e9 ce mois-ci l\u2019accompagnement par le Lab\u2019ess. \u00a0 UN INCUBATEUR AU SERVICE DE L\u2019INNOVATION SOCIALE Dans un contexte social, \u00e9conomique [&hellip;]<\/p>\n","protected":false},"author":1775,"featured_media":0,"comment_status":"closed","ping_status":"closed","sticky":false,"template":"","format":"standard","meta":{"fifu_image_url":"","fifu_image_alt":"","footnotes":""},"categories":[78,55],"tags":[],"class_list":["post-152875","post","type-post","status-publish","format-standard","hentry","category-economie","category-tunisie"],"_links":{"self":[{"href":"https:\/\/linitiative.ca\/International\/wp-json\/wp\/v2\/posts\/152875","targetHints":{"allow":["GET"]}}],"collection":[{"href":"https:\/\/linitiative.ca\/International\/wp-json\/wp\/v2\/posts"}],"about":[{"href":"https:\/\/linitiative.ca\/International\/wp-json\/wp\/v2\/types\/post"}],"author":[{"embeddable":true,"href":"https:\/\/linitiative.ca\/International\/wp-json\/wp\/v2\/users\/1775"}],"replies":[{"embeddable":true,"href":"https:\/\/linitiative.ca\/International\/wp-json\/wp\/v2\/comments?post=152875"}],"version-history":[{"count":0,"href":"https:\/\/linitiative.ca\/International\/wp-json\/wp\/v2\/posts\/152875\/revisions"}],"wp:attachment":[{"href":"https:\/\/linitiative.ca\/International\/wp-json\/wp\/v2\/media?parent=152875"}],"wp:term":[{"taxonomy":"category","embeddable":true,"href":"https:\/\/linitiative.ca\/International\/wp-json\/wp\/v2\/categories?post=152875"},{"taxonomy":"post_tag","embeddable":true,"href":"https:\/\/linitiative.ca\/International\/wp-json\/wp\/v2\/tags?post=152875"}],"curies":[{"name":"wp","href":"https:\/\/api.w.org\/{rel}","templated":true}]}}