{"id":152885,"date":"2022-07-19T06:40:31","date_gmt":"2022-07-19T10:40:31","guid":{"rendered":"https:\/\/linitiative.ca\/International\/ouargla-hadj-2022-retour-du-premier-groupe-de-pelerins-du-sud-est-du-pays\/"},"modified":"2022-07-19T06:40:31","modified_gmt":"2022-07-19T10:40:31","slug":"ouargla-hadj-2022-retour-du-premier-groupe-de-pelerins-du-sud-est-du-pays","status":"publish","type":"post","link":"https:\/\/linitiative.ca\/International\/ouargla-hadj-2022-retour-du-premier-groupe-de-pelerins-du-sud-est-du-pays\/","title":{"rendered":"Ouargla\/Hadj 2022: retour du premier groupe de p\u00e8lerins du Sud-est du pays"},"content":{"rendered":"<div>\n<div class=\"K2FeedIntroText\">\n<p><strong>OUARGLA &#8211; Le premier groupe de p\u00e8lerins des wilayas du Sud-est du pays est arriv\u00e9 mardi matin \u00e0 l&rsquo;A\u00e9roport d\u2019Ain Beida d\u2019Ouargla, apr\u00e8s avoir accompli les rites du hadj, saison 1443\/2022, a-t-on constat\u00e9.<\/strong><\/p>\n<\/div>\n<div class=\"K2FeedFullText\">\n<p>Il s\u2019agit ainsi du premier groupe de retour des Lieux Saints de l\u2019Islam, compos\u00e9 de 302 hadjis, issus de plusieurs wilayas du Sud-est du pays, lesquels ont b\u00e9n\u00e9fici\u00e9 de toutes les conditions d\u2019accueil n\u00e9cessaires notamment le contr\u00f4le m\u00e9dical.<\/p>\n<p>Sept (7) vols ont \u00e9t\u00e9 programm\u00e9s pour le transport de 2.740 hadjis des wilayas d\u2019Ouargla, El-Oued, Gharda\u00efa, Illizi, Djanet, Tamanrasset, Touggourt, El Menia\u00e2 et El-Megha\u00efer, avec une moyenne de 290 passagers par vol, selon la direction r\u00e9gionale d\u2019Air Alg\u00e9rie.<\/p>\n<p>Les vols de retour des hadjis se poursuivront jusqu\u2019au 31 juillet courant, a-t-on pr\u00e9cis\u00e9.<\/p>\n<\/div>\n<\/div>\n<p>Auteur:<br \/>\n<a href=\"https:\/\/www.aps.dz\/regions\/143000-ouargla-hadj-2022-retour-du-premier-groupe-de-pelerins-du-sud-est-du-pays\">Cliquez ici pour lire l&rsquo;article depuis sa source.<\/a><\/p>\n","protected":false},"excerpt":{"rendered":"<p>OUARGLA &#8211; Le premier groupe de p\u00e8lerins des wilayas du Sud-est du pays est arriv\u00e9 mardi matin \u00e0 l&rsquo;A\u00e9roport d\u2019Ain Beida d\u2019Ouargla, apr\u00e8s avoir accompli les rites du hadj, saison 1443\/2022, a-t-on constat\u00e9. Il s\u2019agit ainsi du premier groupe de retour des Lieux Saints de l\u2019Islam, compos\u00e9 de 302 hadjis, issus de plusieurs wilayas du [&hellip;]<\/p>\n","protected":false},"author":1790,"featured_media":0,"comment_status":"closed","ping_status":"closed","sticky":false,"template":"","format":"standard","meta":{"fifu_image_url":"","fifu_image_alt":"","footnotes":""},"categories":[53,76],"tags":[],"class_list":["post-152885","post","type-post","status-publish","format-standard","hentry","category-algerie","category-regions"],"_links":{"self":[{"href":"https:\/\/linitiative.ca\/International\/wp-json\/wp\/v2\/posts\/152885","targetHints":{"allow":["GET"]}}],"collection":[{"href":"https:\/\/linitiative.ca\/International\/wp-json\/wp\/v2\/posts"}],"about":[{"href":"https:\/\/linitiative.ca\/International\/wp-json\/wp\/v2\/types\/post"}],"author":[{"embeddable":true,"href":"https:\/\/linitiative.ca\/International\/wp-json\/wp\/v2\/users\/1790"}],"replies":[{"embeddable":true,"href":"https:\/\/linitiative.ca\/International\/wp-json\/wp\/v2\/comments?post=152885"}],"version-history":[{"count":0,"href":"https:\/\/linitiative.ca\/International\/wp-json\/wp\/v2\/posts\/152885\/revisions"}],"wp:attachment":[{"href":"https:\/\/linitiative.ca\/International\/wp-json\/wp\/v2\/media?parent=152885"}],"wp:term":[{"taxonomy":"category","embeddable":true,"href":"https:\/\/linitiative.ca\/International\/wp-json\/wp\/v2\/categories?post=152885"},{"taxonomy":"post_tag","embeddable":true,"href":"https:\/\/linitiative.ca\/International\/wp-json\/wp\/v2\/tags?post=152885"}],"curies":[{"name":"wp","href":"https:\/\/api.w.org\/{rel}","templated":true}]}}