{"id":152898,"date":"2022-07-19T06:58:00","date_gmt":"2022-07-19T10:58:00","guid":{"rendered":"https:\/\/linitiative.ca\/International\/ilyes-chetti-a-participe-a-son-premier-entrainement-avec-angers\/"},"modified":"2022-07-19T06:58:00","modified_gmt":"2022-07-19T10:58:00","slug":"ilyes-chetti-a-participe-a-son-premier-entrainement-avec-angers","status":"publish","type":"post","link":"https:\/\/linitiative.ca\/International\/ilyes-chetti-a-participe-a-son-premier-entrainement-avec-angers\/","title":{"rendered":"Ilyes Chetti a particip\u00e9 \u00e0 son premier entrainement avec Angers"},"content":{"rendered":"<div>L&rsquo;international alg\u00e9rien s&rsquo;est entrain\u00e9 en compagnie de Sofiane Boufal et C\u00e9dric Hountondji&#8230;<\/div>\n<p>Auteur:<br \/>\n<a href=\"https:\/\/www.lebuteur.com\/article\/detail?titre=ilyes-chetti-a-participe-a-son-premier-entrainement-avec-angers&#038;id=103134\">Cliquez ici pour lire l&rsquo;article depuis sa source.<\/a><\/p>\n","protected":false},"excerpt":{"rendered":"<p>L&rsquo;international alg\u00e9rien s&rsquo;est entrain\u00e9 en compagnie de Sofiane Boufal et C\u00e9dric Hountondji&#8230; Auteur: Cliquez ici pour lire l&rsquo;article depuis sa source.<\/p>\n","protected":false},"author":1738,"featured_media":0,"comment_status":"closed","ping_status":"closed","sticky":false,"template":"","format":"standard","meta":{"fifu_image_url":"","fifu_image_alt":"","footnotes":""},"categories":[53,75],"tags":[],"class_list":["post-152898","post","type-post","status-publish","format-standard","hentry","category-algerie","category-sport"],"_links":{"self":[{"href":"https:\/\/linitiative.ca\/International\/wp-json\/wp\/v2\/posts\/152898","targetHints":{"allow":["GET"]}}],"collection":[{"href":"https:\/\/linitiative.ca\/International\/wp-json\/wp\/v2\/posts"}],"about":[{"href":"https:\/\/linitiative.ca\/International\/wp-json\/wp\/v2\/types\/post"}],"author":[{"embeddable":true,"href":"https:\/\/linitiative.ca\/International\/wp-json\/wp\/v2\/users\/1738"}],"replies":[{"embeddable":true,"href":"https:\/\/linitiative.ca\/International\/wp-json\/wp\/v2\/comments?post=152898"}],"version-history":[{"count":0,"href":"https:\/\/linitiative.ca\/International\/wp-json\/wp\/v2\/posts\/152898\/revisions"}],"wp:attachment":[{"href":"https:\/\/linitiative.ca\/International\/wp-json\/wp\/v2\/media?parent=152898"}],"wp:term":[{"taxonomy":"category","embeddable":true,"href":"https:\/\/linitiative.ca\/International\/wp-json\/wp\/v2\/categories?post=152898"},{"taxonomy":"post_tag","embeddable":true,"href":"https:\/\/linitiative.ca\/International\/wp-json\/wp\/v2\/tags?post=152898"}],"curies":[{"name":"wp","href":"https:\/\/api.w.org\/{rel}","templated":true}]}}