{"id":152901,"date":"2022-07-19T05:40:00","date_gmt":"2022-07-19T09:40:00","guid":{"rendered":"https:\/\/linitiative.ca\/International\/pr-abdelmajid-zahaf-parcours-en-mode-travailler-cest-deranger\/"},"modified":"2022-07-19T05:40:00","modified_gmt":"2022-07-19T09:40:00","slug":"pr-abdelmajid-zahaf-parcours-en-mode-travailler-cest-deranger","status":"publish","type":"post","link":"https:\/\/linitiative.ca\/International\/pr-abdelmajid-zahaf-parcours-en-mode-travailler-cest-deranger\/","title":{"rendered":"Pr Abdelmajid Zahaf &#8211; Parcours en mode \u00ab\u00a0Travailler, c\u2019est d\u00e9ranger!\u00a0\u00bb"},"content":{"rendered":"<div><img decoding=\"async\" src=\"https:\/\/linitiative.ca\/International\/wp-content\/uploads\/sites\/23\/2022\/07\/1658222264_article.jpg\" alt=\"Pr Abdelmajid Zahaf: Parcours en mode travailler, c\u2019est d\u00e9ranger\" align=\"left\">A-t-il fini par jeter l\u2019ancre apr\u00e8s une vie bien remplie de m\u00e9decin, de doyen de la facult\u00e9 de m\u00e9decine de Sfax et fondateur de nombreuses associations ? Le professeur Abdelmajid Zahaf ne saurait se r\u00e9soudre \u00e0 l\u2019inactivit\u00e9. Mettant \u00e0 profit les p\u00e9riodes de confinement durant la pand\u00e9mie de Covid-19, il est descendu dans sa cave pour ouvrir ses archives et y relever tant de documents instructifs. De ce corpus bien fourni et fort \u00e9pars, il a sorti un volumineux livre (plus de 400 pages) passionnant. Sous le titre de Garder la t\u00eate hors de l\u2019eau. Parcours d\u2019un militant de la sant\u00e9, Pr Zahaf revient, avec son caract\u00e8re percutant et son humour perfide, sur diff\u00e9rentes &#8230;<\/p>\n<\/div>\n<p>Auteur:<br \/>\n<a href=\"https:\/\/www.leaders.com.tn\/article\/33625-pr-abdelmajid-zahaf-parcours-en-mode-travailler-c-est-deranger\">Cliquez ici pour lire l&rsquo;article depuis sa source.<\/a><\/p>\n","protected":false},"excerpt":{"rendered":"<p>A-t-il fini par jeter l\u2019ancre apr\u00e8s une vie bien remplie de m\u00e9decin, de doyen de la facult\u00e9 de m\u00e9decine de Sfax et fondateur de nombreuses associations ? Le professeur Abdelmajid Zahaf ne saurait se r\u00e9soudre \u00e0 l\u2019inactivit\u00e9. Mettant \u00e0 profit les p\u00e9riodes de confinement durant la pand\u00e9mie de Covid-19, il est descendu dans sa cave [&hellip;]<\/p>\n","protected":false},"author":1772,"featured_media":0,"comment_status":"closed","ping_status":"closed","sticky":false,"template":"","format":"standard","meta":{"fifu_image_url":"http:\/\/www.leaders.com.tn\/uploads\/content\/thumbnails_small\/1658222264_article.jpg","fifu_image_alt":"<div>Pr Abdelmajid Zahaf - Parcours en mode \"Travailler, c\u2019est d\u00e9ranger!\"<\/div>","footnotes":""},"categories":[73,55],"tags":[],"class_list":["post-152901","post","type-post","status-publish","format-standard","hentry","category-actualite","category-tunisie"],"_links":{"self":[{"href":"https:\/\/linitiative.ca\/International\/wp-json\/wp\/v2\/posts\/152901","targetHints":{"allow":["GET"]}}],"collection":[{"href":"https:\/\/linitiative.ca\/International\/wp-json\/wp\/v2\/posts"}],"about":[{"href":"https:\/\/linitiative.ca\/International\/wp-json\/wp\/v2\/types\/post"}],"author":[{"embeddable":true,"href":"https:\/\/linitiative.ca\/International\/wp-json\/wp\/v2\/users\/1772"}],"replies":[{"embeddable":true,"href":"https:\/\/linitiative.ca\/International\/wp-json\/wp\/v2\/comments?post=152901"}],"version-history":[{"count":0,"href":"https:\/\/linitiative.ca\/International\/wp-json\/wp\/v2\/posts\/152901\/revisions"}],"wp:attachment":[{"href":"https:\/\/linitiative.ca\/International\/wp-json\/wp\/v2\/media?parent=152901"}],"wp:term":[{"taxonomy":"category","embeddable":true,"href":"https:\/\/linitiative.ca\/International\/wp-json\/wp\/v2\/categories?post=152901"},{"taxonomy":"post_tag","embeddable":true,"href":"https:\/\/linitiative.ca\/International\/wp-json\/wp\/v2\/tags?post=152901"}],"curies":[{"name":"wp","href":"https:\/\/api.w.org\/{rel}","templated":true}]}}