{"id":152903,"date":"2022-07-19T06:55:00","date_gmt":"2022-07-19T10:55:00","guid":{"rendered":"https:\/\/linitiative.ca\/International\/habib-ayadi-lart-de-ressusciter-les-morts-cas-de-larticle-80-de-la-constitution-2014-dans-le-nouveau-projet-de-la-constitution\/"},"modified":"2022-07-19T06:55:00","modified_gmt":"2022-07-19T10:55:00","slug":"habib-ayadi-lart-de-ressusciter-les-morts-cas-de-larticle-80-de-la-constitution-2014-dans-le-nouveau-projet-de-la-constitution","status":"publish","type":"post","link":"https:\/\/linitiative.ca\/International\/habib-ayadi-lart-de-ressusciter-les-morts-cas-de-larticle-80-de-la-constitution-2014-dans-le-nouveau-projet-de-la-constitution\/","title":{"rendered":"Habib Ayadi &#8211; L\u2019art de ressusciter les morts : cas de l\u2019article 80 de la Constitution 2014, dans le nouveau projet de la Constitution"},"content":{"rendered":"<div><img decoding=\"async\" src=\"https:\/\/linitiative.ca\/International\/wp-content\/uploads\/sites\/23\/2022\/07\/1658235037_article.jpg\" alt=\"L\u2019art de ressusciter les morts : cas de l\u2019article 80 de la Constitution 2014, dans le nouveau projet de la Constitution\" align=\"left\">Par Habib Ayadi, Professeur Em\u00e9rite de Droit Public \u00e0 la Facult\u00e9 des Sciences juridiques, politiques et sociales de Tunis. Je me suis abstenu jusque-l\u00e0 de m\u2019exprimer sur l\u2019interpr\u00e9tation de l\u2019article 80 par le pr\u00e9sident Ka\u00efs Sa\u00efd, alors que le d\u00e9bat qui a suivi les d\u00e9cisions du 25 juillet 2021 \u00e9tait obscurci, la plupart du temps par des arri\u00e8res pens\u00e9es politiques et l\u2019ignorance du r\u00e9gime de l\u2019article 80 par les conseillers du pr\u00e9sident. Les passions se sont aggrav\u00e9es par le projet de la nouvelle constitution. Je me hasarde \u00e0 revenir sur l\u2019interpr\u00e9tation dudit article, lequel n\u2019est pas l\u2019apanage de la Constitution de 2014, ainsi que d\u2019ailleurs de la &#8230;<\/p>\n<\/div>\n<p>Auteur:<br \/>\n<a href=\"https:\/\/www.leaders.com.tn\/article\/33626-l-art-de-ressusciter-les-morts-cas-de-l-article-80-de-la-constitution-2014-dans-le-nouveau-projet-de-la-constitution\">Cliquez ici pour lire l&rsquo;article depuis sa source.<\/a><\/p>\n","protected":false},"excerpt":{"rendered":"<p>Par Habib Ayadi, Professeur Em\u00e9rite de Droit Public \u00e0 la Facult\u00e9 des Sciences juridiques, politiques et sociales de Tunis. Je me suis abstenu jusque-l\u00e0 de m\u2019exprimer sur l\u2019interpr\u00e9tation de l\u2019article 80 par le pr\u00e9sident Ka\u00efs Sa\u00efd, alors que le d\u00e9bat qui a suivi les d\u00e9cisions du 25 juillet 2021 \u00e9tait obscurci, la plupart du temps [&hellip;]<\/p>\n","protected":false},"author":1772,"featured_media":0,"comment_status":"closed","ping_status":"closed","sticky":false,"template":"","format":"standard","meta":{"fifu_image_url":"http:\/\/www.leaders.com.tn\/uploads\/content\/thumbnails_small\/1658235037_article.jpg","fifu_image_alt":"Habib Ayadi - L\u2019art de ressusciter les morts : cas de l\u2019article 80 de la Constitution 2014, dans le nouveau projet de la Constitution","footnotes":""},"categories":[73,55],"tags":[],"class_list":["post-152903","post","type-post","status-publish","format-standard","hentry","category-actualite","category-tunisie"],"_links":{"self":[{"href":"https:\/\/linitiative.ca\/International\/wp-json\/wp\/v2\/posts\/152903","targetHints":{"allow":["GET"]}}],"collection":[{"href":"https:\/\/linitiative.ca\/International\/wp-json\/wp\/v2\/posts"}],"about":[{"href":"https:\/\/linitiative.ca\/International\/wp-json\/wp\/v2\/types\/post"}],"author":[{"embeddable":true,"href":"https:\/\/linitiative.ca\/International\/wp-json\/wp\/v2\/users\/1772"}],"replies":[{"embeddable":true,"href":"https:\/\/linitiative.ca\/International\/wp-json\/wp\/v2\/comments?post=152903"}],"version-history":[{"count":0,"href":"https:\/\/linitiative.ca\/International\/wp-json\/wp\/v2\/posts\/152903\/revisions"}],"wp:attachment":[{"href":"https:\/\/linitiative.ca\/International\/wp-json\/wp\/v2\/media?parent=152903"}],"wp:term":[{"taxonomy":"category","embeddable":true,"href":"https:\/\/linitiative.ca\/International\/wp-json\/wp\/v2\/categories?post=152903"},{"taxonomy":"post_tag","embeddable":true,"href":"https:\/\/linitiative.ca\/International\/wp-json\/wp\/v2\/tags?post=152903"}],"curies":[{"name":"wp","href":"https:\/\/api.w.org\/{rel}","templated":true}]}}