{"id":152907,"date":"2022-07-19T14:40:00","date_gmt":"2022-07-19T18:40:00","guid":{"rendered":"https:\/\/linitiative.ca\/International\/karim-ben-kahla-referendum-face-aux-dilemmes-et-aux-incertitudes-voter-cest-faire-un-pari-pascalien\/"},"modified":"2022-07-19T14:40:00","modified_gmt":"2022-07-19T18:40:00","slug":"karim-ben-kahla-referendum-face-aux-dilemmes-et-aux-incertitudes-voter-cest-faire-un-pari-pascalien","status":"publish","type":"post","link":"https:\/\/linitiative.ca\/International\/karim-ben-kahla-referendum-face-aux-dilemmes-et-aux-incertitudes-voter-cest-faire-un-pari-pascalien\/","title":{"rendered":"Karim Ben Kahla &#8211; R\u00e9f\u00e9rendum : face aux dilemmes et aux incertitudes, voter c\u2019est faire un pari pascalien"},"content":{"rendered":"<div><img decoding=\"async\" src=\"https:\/\/linitiative.ca\/International\/wp-content\/uploads\/sites\/23\/2022\/07\/1658253512_article.jpg\" alt=\"Karim Ben Kahla - R\u00e9f\u00e9rendum : face aux dilemmes et aux incertitudes, voter c\u2019est faire un pari pascalien\" align=\"left\">Dans une pr\u00e9c\u00e9dente publication sur les r\u00e9seaux sociaux, j\u2019avais pris position pour le \u00ab non \u00bb au r\u00e9f\u00e9rendum pour une raison principale : l\u2019\u00e9lection du Pr\u00e9sident d\u2019une R\u00e9publique dans un r\u00e9gime pr\u00e9sidentiel \u2013 pour ne pas dire pr\u00e9sidentialiste- ne doit pas se faire en un seul tour.<br \/>\nApr\u00e8s avoir corrig\u00e9 les erreurs qui s\u2019\u00e9taient\u00a0 \u00ab gliss\u00e9es \u00bb dans le projet, le pr\u00e9sident est revenu \u00e0 des \u00e9lections \u00e0 deux tours.<br \/>\nEt pourtant, m\u00eame si cette r\u00e9serve &#8211; qui \u00e9tait majeure \u00e0 mes yeux &#8211; a \u00e9t\u00e9 lev\u00e9e, je n\u2019arrive toujours pas \u00e0 me faire une conviction. J\u2019ai beau \u00e9couter, lire et analyser, plus j\u2019y pense moins j\u2019ai des certitudes.<br \/>\nPlut\u00f4t que de me &#8230;<\/p>\n<\/div>\n<p>Auteur:<br \/>\n<a href=\"https:\/\/www.leaders.com.tn\/article\/33630-karim-ben-kahla-referendum-face-aux-dilemmes-et-aux-incertitudes-voter-c-est-faire-un-pari-pascalien\">Cliquez ici pour lire l&rsquo;article depuis sa source.<\/a><\/p>\n","protected":false},"excerpt":{"rendered":"<p>Dans une pr\u00e9c\u00e9dente publication sur les r\u00e9seaux sociaux, j\u2019avais pris position pour le \u00ab non \u00bb au r\u00e9f\u00e9rendum pour une raison principale : l\u2019\u00e9lection du Pr\u00e9sident d\u2019une R\u00e9publique dans un r\u00e9gime pr\u00e9sidentiel \u2013 pour ne pas dire pr\u00e9sidentialiste- ne doit pas se faire en un seul tour. Apr\u00e8s avoir corrig\u00e9 les erreurs qui s\u2019\u00e9taient\u00a0 \u00ab [&hellip;]<\/p>\n","protected":false},"author":1772,"featured_media":0,"comment_status":"closed","ping_status":"closed","sticky":false,"template":"","format":"standard","meta":{"fifu_image_url":"http:\/\/www.leaders.com.tn\/uploads\/content\/thumbnails_small\/1658253512_article.jpg","fifu_image_alt":"Karim Ben Kahla - R\u00e9f\u00e9rendum : face aux dilemmes et aux incertitudes, voter c\u2019est faire un pari pascalien","footnotes":""},"categories":[73,55],"tags":[],"class_list":["post-152907","post","type-post","status-publish","format-standard","hentry","category-actualite","category-tunisie"],"_links":{"self":[{"href":"https:\/\/linitiative.ca\/International\/wp-json\/wp\/v2\/posts\/152907","targetHints":{"allow":["GET"]}}],"collection":[{"href":"https:\/\/linitiative.ca\/International\/wp-json\/wp\/v2\/posts"}],"about":[{"href":"https:\/\/linitiative.ca\/International\/wp-json\/wp\/v2\/types\/post"}],"author":[{"embeddable":true,"href":"https:\/\/linitiative.ca\/International\/wp-json\/wp\/v2\/users\/1772"}],"replies":[{"embeddable":true,"href":"https:\/\/linitiative.ca\/International\/wp-json\/wp\/v2\/comments?post=152907"}],"version-history":[{"count":0,"href":"https:\/\/linitiative.ca\/International\/wp-json\/wp\/v2\/posts\/152907\/revisions"}],"wp:attachment":[{"href":"https:\/\/linitiative.ca\/International\/wp-json\/wp\/v2\/media?parent=152907"}],"wp:term":[{"taxonomy":"category","embeddable":true,"href":"https:\/\/linitiative.ca\/International\/wp-json\/wp\/v2\/categories?post=152907"},{"taxonomy":"post_tag","embeddable":true,"href":"https:\/\/linitiative.ca\/International\/wp-json\/wp\/v2\/tags?post=152907"}],"curies":[{"name":"wp","href":"https:\/\/api.w.org\/{rel}","templated":true}]}}