{"id":152936,"date":"2022-07-19T14:18:04","date_gmt":"2022-07-19T18:18:04","guid":{"rendered":"https:\/\/linitiative.ca\/International\/repise-du-rapatriement-volontaire-de-refugies-congolais-dangola\/"},"modified":"2022-07-19T14:18:04","modified_gmt":"2022-07-19T18:18:04","slug":"repise-du-rapatriement-volontaire-de-refugies-congolais-dangola","status":"publish","type":"post","link":"https:\/\/linitiative.ca\/International\/repise-du-rapatriement-volontaire-de-refugies-congolais-dangola\/","title":{"rendered":"Repise du rapatriement volontaire de r\u00e9fugi\u00e9s congolais d\u2019Angola"},"content":{"rendered":"<div>\n<p><img decoding=\"async\" width=\"1178\" height=\"530\" src=\"https:\/\/linitiative.ca\/International\/wp-content\/uploads\/sites\/23\/2022\/07\/16582546867937.jpg\" class=\"attachment-post-thumbnail size-post-thumbnail wp-post-image\" alt=\"\" loading=\"lazy\" srcset=\"https:\/\/linitiative.ca\/International\/wp-content\/uploads\/sites\/23\/2022\/07\/16582546867937.jpg 1178w, https:\/\/www.journalducameroun.com\/wp-content\/uploads\/2022\/07\/16582546867937-300x135.jpg 300w, https:\/\/www.journalducameroun.com\/wp-content\/uploads\/2022\/07\/16582546867937-1024x461.jpg 1024w, https:\/\/www.journalducameroun.com\/wp-content\/uploads\/2022\/07\/16582546867937-768x346.jpg 768w, https:\/\/www.journalducameroun.com\/wp-content\/uploads\/2022\/07\/16582546867937-978x440.jpg 978w, https:\/\/www.journalducameroun.com\/wp-content\/uploads\/2022\/07\/16582546867937-600x270.jpg 600w\" sizes=\"auto, (max-width: 1178px) 100vw, 1178px\"><\/p>\n<p>Le retour consentant de r\u00e9fugi\u00e9s congolais depuis l&rsquo;Angola \u00e9tait interrompu depuis 2020 \u00e0 cause de la pand\u00e9mie de Covid-19.Quatre-vingt-huit r\u00e9fugi\u00e9s de la R\u00e9publique d\u00e9mocratique du Congo (RDC) ont quitt\u00e9 ce mardi matin le camp de L\u00f4vua, dans le nord de l&rsquo;Angola, en direction de la fronti\u00e8re. Ce premier convoi de rapatriement est le premier organis\u00e9 par le Haut-Commissariat des Nations unies pour les r\u00e9fugi\u00e9s (HCR) depuis 2020.<\/p>\n<p>Selon l&rsquo;organisme onusien, le convoi devrait arriver demain en terre congolaise.<\/p>\n<p>A en croire le HCR, plus de 600 r\u00e9fugi\u00e9s congolais ont d\u00e9j\u00e0 exprim\u00e9 leur volont\u00e9 d&rsquo;\u00eatre rapatri\u00e9s. D&rsquo;autres sont susceptibles de manifester leur int\u00e9r\u00eat avec la reprise de l&rsquo;op\u00e9ration.<\/p>\n<p>\u00ab La plupart des r\u00e9fugi\u00e9s ne demandent rien de plus que de rentrer chez eux \u00bb, a d\u00e9clar\u00e9, dans une note parvenue ce mardi \u00e0 APA, Boris Cheshirkov, porte-parole du HCR. Il a exhort\u00e9 la communaut\u00e9 internationale \u00e0 \u00ab s&rsquo;attaquer aux causes des conflits et contribuer \u00e0 rendre le retour des personnes plus s\u00fbr et plus facile \u00bb.<\/p>\n<p>Le rapatriement volontaire est organis\u00e9 par le HCR, avec les gouvernements de l&rsquo;Angola et de la RDC, en collaboration avec l&rsquo;Organisation internationale pour les migrations (OIM) et divers partenaires. Les r\u00e9fugi\u00e9s ont voyag\u00e9 dans des camions de l&rsquo;OIM en direction de la fronti\u00e8re de Chicolondo, o\u00f9 ils passeront la nuit dans un centre de transit avant de traverser la fronti\u00e8re congolaise.<\/p>\n<p>D&rsquo;autres convois sont pr\u00e9vus pour traverser la fronti\u00e8re de Chissanda dans les semaines \u00e0 venir. Les r\u00e9fugi\u00e9s se dirigeront vers diverses destinations dans l&rsquo;ouest de la RDC, notamment le Kasa\u00ef, le Kasa\u00ef central, le Kwilu, le Sankuru, le Lomami, le Lualaba et Kinshasa, la capitale.<\/p>\n<p>\u00ab Bien que le conflit se poursuive dans l&rsquo;est de la RDC, l&rsquo;am\u00e9lioration de la s\u00e9curit\u00e9 dans l&rsquo;ouest a rouvert la possibilit\u00e9 pour les Congolais de retourner dans leur pays dans la dignit\u00e9 et la s\u00e9curit\u00e9 \u00bb, a ajout\u00e9 M. Boris Cheshirkov.<\/p>\n<p>\u00c0 leur arriv\u00e9e en RDC, les Congolais rapatri\u00e9s recevront une aide en esp\u00e8ces pour couvrir les besoins de base tels que les articles m\u00e9nagers et une aide initiale pour leur loyer.<\/p>\n<p>Un soutien suppl\u00e9mentaire sera \u00e9galement fourni pour leur r\u00e9int\u00e9gration, par exemple en aidant les enfants \u00e0 s&rsquo;inscrire \u00e0 l&rsquo;\u00e9cole.<\/p>\n<p>Plus de 35.000 personnes ont travers\u00e9 la fronti\u00e8re pour trouver la s\u00e9curit\u00e9 en Angola \u00e0 cause des violences politiques et ethniques survenues dans la r\u00e9gion du Kasa\u00ef en 2017. La plupart d&rsquo;entre elles ont \u00e9t\u00e9 accueillies dans le camp de L\u00f4vua, dans la r\u00e9gion de Lunda Norte.<\/p>\n<p>Selon le HCR, de nombreux r\u00e9fugi\u00e9s sont spontan\u00e9ment retourn\u00e9s en RDC ces derni\u00e8res ann\u00e9es. \u00ab Aujourd&rsquo;hui, L\u00f4vua accueille environ 7.000 r\u00e9fugi\u00e9s \u00bb, a dit le porte-parole du HCR.<\/p>\n<p>Plus globalement, pr\u00e8s de 430.000 r\u00e9fugi\u00e9s ont pu rentrer l&rsquo;ann\u00e9e derni\u00e8re chez eux en toute s\u00e9curit\u00e9 et dans la dignit\u00e9. Le HCR pr\u00e9cise qu&rsquo;il s&rsquo;agit d&rsquo;une augmentation de 70 % par rapport \u00e0 2020. Pr\u00e8s des deux tiers des retours de r\u00e9fugi\u00e9s ont eu lieu au Soudan du Sud. Ce chiffre ne repr\u00e9sente cependant que 2 % des r\u00e9fugi\u00e9s dans le monde.<\/p>\n<p>Cet article <a rel=\"nofollow\" href=\"https:\/\/www.journalducameroun.com\/repise-du-rapatriement-volontaire-de-refugies-congolais-dangola\/\">Repise du rapatriement volontaire de r\u00e9fugi\u00e9s congolais d\u2019Angola<\/a> est apparu en premier sur <a rel=\"nofollow\" href=\"https:\/\/www.journalducameroun.com\/\">Journal du Cameroun<\/a>.<\/p>\n<\/div>\n<p>Auteur: APA News<br \/>\n<a href=\"https:\/\/www.journalducameroun.com\/repise-du-rapatriement-volontaire-de-refugies-congolais-dangola\/\">Cliquez ici pour lire l&rsquo;article depuis sa source.<\/a><\/p>\n","protected":false},"excerpt":{"rendered":"<p>Le retour consentant de r\u00e9fugi\u00e9s congolais depuis l&rsquo;Angola \u00e9tait interrompu depuis 2020 \u00e0 cause de la pand\u00e9mie de Covid-19.Quatre-vingt-huit r\u00e9fugi\u00e9s de la R\u00e9publique d\u00e9mocratique du Congo (RDC) ont quitt\u00e9 ce mardi matin le camp de L\u00f4vua, dans le nord de l&rsquo;Angola, en direction de la fronti\u00e8re. Ce premier convoi de rapatriement est le premier organis\u00e9 [&hellip;]<\/p>\n","protected":false},"author":1965,"featured_media":0,"comment_status":"closed","ping_status":"closed","sticky":false,"template":"","format":"standard","meta":{"fifu_image_url":"https:\/\/www.journalducameroun.com\/wp-content\/uploads\/2022\/07\/16582546867937.jpg","fifu_image_alt":"Repise du rapatriement volontaire de r\u00e9fugi\u00e9s congolais d\u2019Angola","footnotes":""},"categories":[73,82],"tags":[],"class_list":["post-152936","post","type-post","status-publish","format-standard","hentry","category-actualite","category-cameroun"],"_links":{"self":[{"href":"https:\/\/linitiative.ca\/International\/wp-json\/wp\/v2\/posts\/152936","targetHints":{"allow":["GET"]}}],"collection":[{"href":"https:\/\/linitiative.ca\/International\/wp-json\/wp\/v2\/posts"}],"about":[{"href":"https:\/\/linitiative.ca\/International\/wp-json\/wp\/v2\/types\/post"}],"author":[{"embeddable":true,"href":"https:\/\/linitiative.ca\/International\/wp-json\/wp\/v2\/users\/1965"}],"replies":[{"embeddable":true,"href":"https:\/\/linitiative.ca\/International\/wp-json\/wp\/v2\/comments?post=152936"}],"version-history":[{"count":0,"href":"https:\/\/linitiative.ca\/International\/wp-json\/wp\/v2\/posts\/152936\/revisions"}],"wp:attachment":[{"href":"https:\/\/linitiative.ca\/International\/wp-json\/wp\/v2\/media?parent=152936"}],"wp:term":[{"taxonomy":"category","embeddable":true,"href":"https:\/\/linitiative.ca\/International\/wp-json\/wp\/v2\/categories?post=152936"},{"taxonomy":"post_tag","embeddable":true,"href":"https:\/\/linitiative.ca\/International\/wp-json\/wp\/v2\/tags?post=152936"}],"curies":[{"name":"wp","href":"https:\/\/api.w.org\/{rel}","templated":true}]}}