{"id":152957,"date":"2022-07-20T10:00:56","date_gmt":"2022-07-20T14:00:56","guid":{"rendered":"https:\/\/linitiative.ca\/International\/general-motors-prevoit-13-nouveaux-vehicules-electriques-dans-la-region-mena-dici-2025\/"},"modified":"2022-07-20T10:00:56","modified_gmt":"2022-07-20T14:00:56","slug":"general-motors-prevoit-13-nouveaux-vehicules-electriques-dans-la-region-mena-dici-2025","status":"publish","type":"post","link":"https:\/\/linitiative.ca\/International\/general-motors-prevoit-13-nouveaux-vehicules-electriques-dans-la-region-mena-dici-2025\/","title":{"rendered":"General Motors pr\u00e9voit 13 nouveaux v\u00e9hicules \u00e9lectriques dans la r\u00e9gion MENA d\u2019ici 2025"},"content":{"rendered":"<div>\n<p><img decoding=\"async\" width=\"300\" height=\"153\" src=\"https:\/\/linitiative.ca\/International\/wp-content\/uploads\/sites\/23\/2022\/07\/General-Motors-300x153-1.jpg\" class=\"attachment-medium size-medium wp-post-image\" alt=\"\" loading=\"lazy\" srcset=\"https:\/\/linitiative.ca\/International\/wp-content\/uploads\/sites\/23\/2022\/07\/General-Motors-300x153-1.jpg 300w, https:\/\/aujourdhui.ma\/wp-content\/uploads\/2017\/12\/General-Motors.jpg 746w\" sizes=\"auto, (max-width: 300px) 100vw, 300px\"><\/p>\n<p><span style=\"font-size: 20px; color: #800000;\"><strong>Il en fait l\u2019annonce dans un nouveau rapport d\u2019OBG<\/strong><\/span><br \/>\n<span id=\"more-413540\"><\/span><\/p>\n<p><span style=\"color: #ff0000;\">Le constructeur plaide pour neutraliser ses \u00e9missions dans l\u2019ensemble de ses produits et op\u00e9rations d\u2019ici 2040. Et ce n\u2019est pas tout\u00a0! Il pr\u00e9voit \u00abd\u2019\u00e9liminer les \u00e9missions d\u2019\u00e9chappement de nouveaux v\u00e9hicules l\u00e9gers d\u2019ici 2035\u00bb.<\/span><\/p>\n<p>Le constructeur automobile General Motors (GM) envisage de lancer 13 nouveaux v\u00e9hicules \u00e9lectriques dans la r\u00e9gion MENA d\u2019ici 2025. Le chiffre ressort du nouveau rapport d\u2019Oxford Business group (OBG) lanc\u00e9 en ce juillet avec GM qui a une approche \u00abtriple z\u00e9ro\u00bb destin\u00e9e \u00e0 cr\u00e9er une valeur ajout\u00e9e \u00e0 long terme. Cette triple action \u00e9tant z\u00e9ro accidents, \u00e9missions et congestion.<\/p>\n<p>A propos de la transition de la mobilit\u00e9, le constructeur envisage \u00e9galement, tel qu\u2019il le r\u00e9v\u00e8le dans le m\u00eame document, de cr\u00e9er \u00abun effet de levier\u00bb de par son exp\u00e9rience en production de batteries de v\u00e9hicules \u00e9lectriques pour contribuer \u00e0 \u00abaccomplir cette vision de triple z\u00e9ro de par le monde\u00bb. Le tout en focalisant sur la r\u00e9gion MENA. L\u2019objectif ultime \u00e9tant \u00abd\u2019y produire une large gamme de v\u00e9hicules \u00e9lectriques\u00bb. De plus, GM s\u2019exprime sur l\u2019expansion de la production de v\u00e9hicules \u00e9lectriques et les infrastructures de rechargements en tant que cl\u00e9 de z\u00e9ro \u00e9missions pour le futur. C\u2019est pourquoi le constructeur plaide pour neutraliser ses \u00e9missions dans l\u2019ensemble de ses produits et op\u00e9rations d\u2019ici 2040.<\/p>\n<p>Et ce n\u2019est pas tout\u00a0! Il pr\u00e9voit \u00abd\u2019\u00e9liminer les \u00e9missions d\u2019\u00e9chappement de nouveaux v\u00e9hicules l\u00e9gers d\u2019ici 2035\u00bb. Dans ce sens, il fait valoir l\u2019innovation pour la durabilit\u00e9. Ce sont ainsi, tel qu\u2019il l\u2019indique, \u00ab30 nouveaux mod\u00e8les qui seront introduits aux marques de GM de par le monde d\u2019ici fin 2025\u00bb. Dans le m\u00eame rapport, il ressort \u00e9galement l\u2019\u00e9mergence de voitures \u00e9lectriques en tant que solution de mobilit\u00e9 durable de par les march\u00e9s-cl\u00e9s dans la r\u00e9gion MENA. En 2020, le march\u00e9 des v\u00e9hicules \u00e9lectriques envisageait dans cette zone de passer de 35 millions de dollars \u00e0 84 millions de dollars \u00e0 l\u2019horizon 2026. Mieux encore, MENA est une destination-cl\u00e9 pour GM pour sa strat\u00e9gie verte. Par l\u2019occasion, le m\u00eame document pr\u00e9cise \u00e9galement que \u00abla prolif\u00e9ration de smart cities dans cette r\u00e9gion offre un catalyseur pour l\u2019adoption des v\u00e9hicules \u00e9lectriques\u00bb. En outre, cette publication livre une \u00e9tude de cas d\u00e9di\u00e9e \u00e0 la mani\u00e8re dont les taxis automatiques pourraient r\u00e9volutionner le transport \u00e0 Dubai. De m\u00eame, elle r\u00e9v\u00e8le la strat\u00e9gie environnementale est \u00e0 m\u00eame d\u2019appuyer les efforts r\u00e9gionaux et mondiaux pour faire face au changement climatique.<\/p>\n<p>Dans l\u2019ensemble, GM ne manque pas de donner des recommandations portant entre autres sur la transition, l\u2019innovation et le leadership.<br \/>\nCela \u00e9tant, les acteurs du secteur automobile sont de plus en plus conscients que le statu quo qui a soutenu l\u2019industrie pendant plus de 100 ans n\u2019est plus viable. Les changements r\u00e9glementaires et les objectifs de r\u00e9duction des \u00e9missions aux niveaux national et mondial incitent \u00e0 se tourner vers des v\u00e9hicules \u00e0 \u00e9missions de carbone faibles ou nulles. Cette transition n\u00e9cessite une p\u00e9riode d\u2019innovation intense pour d\u00e9velopper de nouvelles technologies qui rendent les v\u00e9hicules \u00e9lectriques (VE) attrayants, s\u00fbrs, fiables et abordables.<\/p>\n<p>Au-del\u00e0 de la R&amp;D et de la production, les constructeurs automobiles ont un r\u00f4le \u00e0 jouer pour g\u00e9n\u00e9rer la demande.<br \/>\nParall\u00e8lement aux incitations gouvernementales visant \u00e0 r\u00e9duire les co\u00fbts li\u00e9s \u00e0 l\u2019achat et \u00e0 l\u2019entretien, les constructeurs doivent s\u2019assurer qu\u2019ils d\u00e9veloppent des v\u00e9hicules qui r\u00e9pondent aux attentes des consommateurs et aux besoins sp\u00e9cifiques des populations et des r\u00e9gions cibl\u00e9es \u2013 comme la pr\u00e9f\u00e9rence pour les v\u00e9hicules utilitaires durables et haut de gamme dans le Golfe. Outre le march\u00e9 de vente au d\u00e9tail, la prolif\u00e9ration des villes intelligentes durables offre des opportunit\u00e9s pour d\u2019int\u00e9grer les VE et les v\u00e9hicules automatis\u00e9s dans la planification urbaine.<\/p>\n<p>\u00a0<\/p>\n<\/div>\n<p>Auteur: ALM<br \/>\n<a href=\"https:\/\/aujourdhui.ma\/automobile\/general-motors-prevoit-13-nouveaux-vehicules-electriques-dans-la-region-mena-dici-2025\">Cliquez ici pour lire l&rsquo;article depuis sa source.<\/a><\/p>\n","protected":false},"excerpt":{"rendered":"<p>Il en fait l\u2019annonce dans un nouveau rapport d\u2019OBG Le constructeur plaide pour neutraliser ses \u00e9missions dans l\u2019ensemble de ses produits et op\u00e9rations d\u2019ici 2040. Et ce n\u2019est pas tout\u00a0! Il pr\u00e9voit \u00abd\u2019\u00e9liminer les \u00e9missions d\u2019\u00e9chappement de nouveaux v\u00e9hicules l\u00e9gers d\u2019ici 2035\u00bb. Le constructeur automobile General Motors (GM) envisage de lancer 13 nouveaux v\u00e9hicules \u00e9lectriques [&hellip;]<\/p>\n","protected":false},"author":1759,"featured_media":0,"comment_status":"closed","ping_status":"closed","sticky":false,"template":"","format":"standard","meta":{"fifu_image_url":"https:\/\/aujourdhui.ma\/wp-content\/uploads\/2017\/12\/General-Motors-300x153.jpg","fifu_image_alt":"General Motors pr\u00e9voit 13 nouveaux v\u00e9hicules \u00e9lectriques dans la r\u00e9gion MENA d\u2019ici 2025","footnotes":""},"categories":[73,54],"tags":[],"class_list":["post-152957","post","type-post","status-publish","format-standard","hentry","category-actualite","category-maroc"],"_links":{"self":[{"href":"https:\/\/linitiative.ca\/International\/wp-json\/wp\/v2\/posts\/152957","targetHints":{"allow":["GET"]}}],"collection":[{"href":"https:\/\/linitiative.ca\/International\/wp-json\/wp\/v2\/posts"}],"about":[{"href":"https:\/\/linitiative.ca\/International\/wp-json\/wp\/v2\/types\/post"}],"author":[{"embeddable":true,"href":"https:\/\/linitiative.ca\/International\/wp-json\/wp\/v2\/users\/1759"}],"replies":[{"embeddable":true,"href":"https:\/\/linitiative.ca\/International\/wp-json\/wp\/v2\/comments?post=152957"}],"version-history":[{"count":0,"href":"https:\/\/linitiative.ca\/International\/wp-json\/wp\/v2\/posts\/152957\/revisions"}],"wp:attachment":[{"href":"https:\/\/linitiative.ca\/International\/wp-json\/wp\/v2\/media?parent=152957"}],"wp:term":[{"taxonomy":"category","embeddable":true,"href":"https:\/\/linitiative.ca\/International\/wp-json\/wp\/v2\/categories?post=152957"},{"taxonomy":"post_tag","embeddable":true,"href":"https:\/\/linitiative.ca\/International\/wp-json\/wp\/v2\/tags?post=152957"}],"curies":[{"name":"wp","href":"https:\/\/api.w.org\/{rel}","templated":true}]}}