{"id":152979,"date":"2022-07-20T10:05:09","date_gmt":"2022-07-20T14:05:09","guid":{"rendered":"https:\/\/linitiative.ca\/International\/mobilite-professionnelle-internationale-le-miepeec-developpe-sa-strategie-nationale\/"},"modified":"2022-07-20T10:05:09","modified_gmt":"2022-07-20T14:05:09","slug":"mobilite-professionnelle-internationale-le-miepeec-developpe-sa-strategie-nationale","status":"publish","type":"post","link":"https:\/\/linitiative.ca\/International\/mobilite-professionnelle-internationale-le-miepeec-developpe-sa-strategie-nationale\/","title":{"rendered":"Mobilit\u00e9 professionnelle internationale: le MIEPEEC d\u00e9veloppe sa strat\u00e9gie nationale"},"content":{"rendered":"<div>\n<div class=\"field field-name-body field-type-text-with-summary field-label-hidden\">\n<div class=\"field-items\">\n<div class=\"field-item even\" property=\"content:encoded\">\n<p class=\"rtejustify\">Le Minist\u00e8re de l\u2019Inclusion \u00e9conomique, de la Petite entreprise, de l\u2019Emploi et des Comp\u00e9tences (MIEPEEC) d\u00e9veloppe sa propre Strat\u00e9gie nationale de mobilit\u00e9 professionnelle internationale (SNMPI). Il organise, les 20 et 21 juillet, un s\u00e9minaire pour le lancement du processus de d\u00e9veloppement de cette strat\u00e9gie. Le d\u00e9partement entend ainsi refl\u00e9ter sa vision en mati\u00e8re de gestion des mobilit\u00e9s professionnelles internationales et des migrations internationales de main-d&rsquo;\u0153uvre.<\/p>\n<\/div>\n<\/div>\n<\/div>\n<\/div>\n<p>Auteur: hgueye<br \/>\n<a href=\"https:\/\/www.leconomiste.com\/flash-infos\/mobilite-professionnelle-internationale-le-miepeec-developpe-sa-strategie-nationale\">Cliquez ici pour lire l&rsquo;article depuis sa source.<\/a><\/p>\n","protected":false},"excerpt":{"rendered":"<p>Le Minist\u00e8re de l\u2019Inclusion \u00e9conomique, de la Petite entreprise, de l\u2019Emploi et des Comp\u00e9tences (MIEPEEC) d\u00e9veloppe sa propre Strat\u00e9gie nationale de mobilit\u00e9 professionnelle internationale (SNMPI). Il organise, les 20 et 21 juillet, un s\u00e9minaire pour le lancement du processus de d\u00e9veloppement de cette strat\u00e9gie. Le d\u00e9partement entend ainsi refl\u00e9ter sa vision en mati\u00e8re de gestion [&hellip;]<\/p>\n","protected":false},"author":1763,"featured_media":0,"comment_status":"closed","ping_status":"closed","sticky":false,"template":"","format":"standard","meta":{"fifu_image_url":"","fifu_image_alt":"","footnotes":""},"categories":[78,54],"tags":[],"class_list":["post-152979","post","type-post","status-publish","format-standard","hentry","category-economie","category-maroc"],"_links":{"self":[{"href":"https:\/\/linitiative.ca\/International\/wp-json\/wp\/v2\/posts\/152979","targetHints":{"allow":["GET"]}}],"collection":[{"href":"https:\/\/linitiative.ca\/International\/wp-json\/wp\/v2\/posts"}],"about":[{"href":"https:\/\/linitiative.ca\/International\/wp-json\/wp\/v2\/types\/post"}],"author":[{"embeddable":true,"href":"https:\/\/linitiative.ca\/International\/wp-json\/wp\/v2\/users\/1763"}],"replies":[{"embeddable":true,"href":"https:\/\/linitiative.ca\/International\/wp-json\/wp\/v2\/comments?post=152979"}],"version-history":[{"count":0,"href":"https:\/\/linitiative.ca\/International\/wp-json\/wp\/v2\/posts\/152979\/revisions"}],"wp:attachment":[{"href":"https:\/\/linitiative.ca\/International\/wp-json\/wp\/v2\/media?parent=152979"}],"wp:term":[{"taxonomy":"category","embeddable":true,"href":"https:\/\/linitiative.ca\/International\/wp-json\/wp\/v2\/categories?post=152979"},{"taxonomy":"post_tag","embeddable":true,"href":"https:\/\/linitiative.ca\/International\/wp-json\/wp\/v2\/tags?post=152979"}],"curies":[{"name":"wp","href":"https:\/\/api.w.org\/{rel}","templated":true}]}}