{"id":152989,"date":"2022-07-20T10:22:00","date_gmt":"2022-07-20T14:22:00","guid":{"rendered":"https:\/\/linitiative.ca\/International\/joe-biden-invite-les-dirigeants-africains-a-un-sommet-a-washington-d-c-du-13-au-15-decembre-prochain\/"},"modified":"2022-07-20T10:22:00","modified_gmt":"2022-07-20T14:22:00","slug":"joe-biden-invite-les-dirigeants-africains-a-un-sommet-a-washington-d-c-du-13-au-15-decembre-prochain","status":"publish","type":"post","link":"https:\/\/linitiative.ca\/International\/joe-biden-invite-les-dirigeants-africains-a-un-sommet-a-washington-d-c-du-13-au-15-decembre-prochain\/","title":{"rendered":"Joe Biden invite les dirigeants africains \u00e0 un Sommet \u00e0 Washington D.C. du 13 au 15 d\u00e9cembre prochain"},"content":{"rendered":"<div><img decoding=\"async\" src=\"https:\/\/linitiative.ca\/International\/wp-content\/uploads\/sites\/23\/2022\/07\/1658323375_article.jpg\" alt=\"Joe Biden invite les dirigeants africains \u00e0 un Sommet \u00e0 Washington D.C. du 13 au 15 d\u00e9cembre prochain\" align=\"left\">Marquant une volont\u00e9 de renforcement des relations avec l\u2019Afrique, le pr\u00e9sident am\u00e9ricain Joe Biden a invit\u00e9 les dirigeants africains \u00e0 Washington DC en d\u00e9cembre prochain. Il s\u2019agit d\u2019un Sommet des dirigeants am\u00e9ricains et africains qui se tiendra du 13 au 15 d\u00e9cembre 2022. Il fait suite \u00e0 une premi\u00e8re \u00e9dition, organis\u00e9e en 2014, du 4 au 6 ao\u00fbt, au cours de laquelle la Tunisie avait \u00e9t\u00e9 repr\u00e9sent\u00e9e par l\u2019ancien pr\u00e9sident provisoire, Moncef Marzouki.<br \/>\nLan\u00e7ant son invitation, le pr\u00e9sident Joe Bide a d\u00e9clar\u00e9 : Je me r\u00e9jouis d&rsquo;accueillir des dirigeants de tout le continent africain \u00e0 Washington, DC, du 13 au 15 d\u00e9cembre 2022, pour le Sommet des dirigeants &#8230;<\/p>\n<\/div>\n<p>Auteur:<br \/>\n<a href=\"https:\/\/www.leaders.com.tn\/article\/33633-joe-biden-invite-les-dirigeants-africains-a-un-sommet-a-washington-d-c-du-13-au-15-decembre-prochain\">Cliquez ici pour lire l&rsquo;article depuis sa source.<\/a><\/p>\n","protected":false},"excerpt":{"rendered":"<p>Marquant une volont\u00e9 de renforcement des relations avec l\u2019Afrique, le pr\u00e9sident am\u00e9ricain Joe Biden a invit\u00e9 les dirigeants africains \u00e0 Washington DC en d\u00e9cembre prochain. Il s\u2019agit d\u2019un Sommet des dirigeants am\u00e9ricains et africains qui se tiendra du 13 au 15 d\u00e9cembre 2022. Il fait suite \u00e0 une premi\u00e8re \u00e9dition, organis\u00e9e en 2014, du 4 [&hellip;]<\/p>\n","protected":false},"author":1772,"featured_media":0,"comment_status":"closed","ping_status":"closed","sticky":false,"template":"","format":"standard","meta":{"fifu_image_url":"http:\/\/www.leaders.com.tn\/uploads\/content\/thumbnails_small\/1658323375_article.jpg","fifu_image_alt":"Joe Biden invite les dirigeants africains \u00e0 un Sommet \u00e0 Washington D.C. du 13 au 15 d\u00e9cembre prochain","footnotes":""},"categories":[73,55],"tags":[],"class_list":["post-152989","post","type-post","status-publish","format-standard","hentry","category-actualite","category-tunisie"],"_links":{"self":[{"href":"https:\/\/linitiative.ca\/International\/wp-json\/wp\/v2\/posts\/152989","targetHints":{"allow":["GET"]}}],"collection":[{"href":"https:\/\/linitiative.ca\/International\/wp-json\/wp\/v2\/posts"}],"about":[{"href":"https:\/\/linitiative.ca\/International\/wp-json\/wp\/v2\/types\/post"}],"author":[{"embeddable":true,"href":"https:\/\/linitiative.ca\/International\/wp-json\/wp\/v2\/users\/1772"}],"replies":[{"embeddable":true,"href":"https:\/\/linitiative.ca\/International\/wp-json\/wp\/v2\/comments?post=152989"}],"version-history":[{"count":0,"href":"https:\/\/linitiative.ca\/International\/wp-json\/wp\/v2\/posts\/152989\/revisions"}],"wp:attachment":[{"href":"https:\/\/linitiative.ca\/International\/wp-json\/wp\/v2\/media?parent=152989"}],"wp:term":[{"taxonomy":"category","embeddable":true,"href":"https:\/\/linitiative.ca\/International\/wp-json\/wp\/v2\/categories?post=152989"},{"taxonomy":"post_tag","embeddable":true,"href":"https:\/\/linitiative.ca\/International\/wp-json\/wp\/v2\/tags?post=152989"}],"curies":[{"name":"wp","href":"https:\/\/api.w.org\/{rel}","templated":true}]}}