{"id":153005,"date":"2022-07-20T17:09:11","date_gmt":"2022-07-20T21:09:11","guid":{"rendered":"https:\/\/linitiative.ca\/International\/uefa-cl-laidouni-et-ferencvaros-battus-a-domicile\/"},"modified":"2022-07-20T17:09:11","modified_gmt":"2022-07-20T21:09:11","slug":"uefa-cl-laidouni-et-ferencvaros-battus-a-domicile","status":"publish","type":"post","link":"https:\/\/linitiative.ca\/International\/uefa-cl-laidouni-et-ferencvaros-battus-a-domicile\/","title":{"rendered":"UEFA CL : Laidouni et Ferencv\u00e1ros battus \u00e0 domicile"},"content":{"rendered":"<div>\n<p>Pour le compte du deuxi\u00e8me tour pr\u00e9liminaire de l\u2019UEFA CL, l\u2019international tunisien A\u00efssa Laidouni et son club hongrois Ferencv\u00e1ros TC ont \u00e9t\u00e9 battus \u00e0 domicile contre la formation slovaque SK Slovan Bratislava (1-2). Quant \u00e0 Laidouni, il a \u00e9t\u00e9 remplac\u00e9 \u00e0 la 72e minute alors que son \u00e9quipe m\u00e8ne au score 1-0, avant que les [\u2026]<\/p>\n<p>L\u2019article <a href=\"https:\/\/www.tunisienumerique.com\/uefa-cl-laidouni-et-ferencvaros-battus-a-domicile\/\">UEFA CL : Laidouni et Ferencv\u00e1ros battus \u00e0 domicile<\/a> est apparu en premier sur <a href=\"https:\/\/www.tunisienumerique.com\/\">Tunisie<\/a>.<\/p>\n<\/div>\n<p>Auteur: Hamza Ben Khlifa<br \/>\n<a href=\"https:\/\/www.tunisienumerique.com\/uefa-cl-laidouni-et-ferencvaros-battus-a-domicile\/\">Cliquez ici pour lire l&rsquo;article depuis sa source.<\/a><\/p>\n","protected":false},"excerpt":{"rendered":"<p>Pour le compte du deuxi\u00e8me tour pr\u00e9liminaire de l\u2019UEFA CL, l\u2019international tunisien A\u00efssa Laidouni et son club hongrois Ferencv\u00e1ros TC ont \u00e9t\u00e9 battus \u00e0 domicile contre la formation slovaque SK Slovan Bratislava (1-2). Quant \u00e0 Laidouni, il a \u00e9t\u00e9 remplac\u00e9 \u00e0 la 72e minute alors que son \u00e9quipe m\u00e8ne au score 1-0, avant que les [&hellip;]<\/p>\n","protected":false},"author":1789,"featured_media":0,"comment_status":"closed","ping_status":"closed","sticky":false,"template":"","format":"standard","meta":{"fifu_image_url":"","fifu_image_alt":"","footnotes":""},"categories":[73,55],"tags":[],"class_list":["post-153005","post","type-post","status-publish","format-standard","hentry","category-actualite","category-tunisie"],"_links":{"self":[{"href":"https:\/\/linitiative.ca\/International\/wp-json\/wp\/v2\/posts\/153005","targetHints":{"allow":["GET"]}}],"collection":[{"href":"https:\/\/linitiative.ca\/International\/wp-json\/wp\/v2\/posts"}],"about":[{"href":"https:\/\/linitiative.ca\/International\/wp-json\/wp\/v2\/types\/post"}],"author":[{"embeddable":true,"href":"https:\/\/linitiative.ca\/International\/wp-json\/wp\/v2\/users\/1789"}],"replies":[{"embeddable":true,"href":"https:\/\/linitiative.ca\/International\/wp-json\/wp\/v2\/comments?post=153005"}],"version-history":[{"count":0,"href":"https:\/\/linitiative.ca\/International\/wp-json\/wp\/v2\/posts\/153005\/revisions"}],"wp:attachment":[{"href":"https:\/\/linitiative.ca\/International\/wp-json\/wp\/v2\/media?parent=153005"}],"wp:term":[{"taxonomy":"category","embeddable":true,"href":"https:\/\/linitiative.ca\/International\/wp-json\/wp\/v2\/categories?post=153005"},{"taxonomy":"post_tag","embeddable":true,"href":"https:\/\/linitiative.ca\/International\/wp-json\/wp\/v2\/tags?post=153005"}],"curies":[{"name":"wp","href":"https:\/\/api.w.org\/{rel}","templated":true}]}}