{"id":153037,"date":"2022-07-21T09:25:31","date_gmt":"2022-07-21T13:25:31","guid":{"rendered":"https:\/\/linitiative.ca\/International\/le-togo-inaugure-son-consulat-general-a-dakhla\/"},"modified":"2022-07-21T09:25:31","modified_gmt":"2022-07-21T13:25:31","slug":"le-togo-inaugure-son-consulat-general-a-dakhla","status":"publish","type":"post","link":"https:\/\/linitiative.ca\/International\/le-togo-inaugure-son-consulat-general-a-dakhla\/","title":{"rendered":"Le Togo inaugure son consulat g\u00e9n\u00e9ral \u00e0 Dakhla"},"content":{"rendered":"<div>\n<p><img decoding=\"async\" width=\"300\" height=\"153\" src=\"https:\/\/linitiative.ca\/International\/wp-content\/uploads\/sites\/23\/2022\/07\/consulat-geCC81neCC81ral-Togo-Dakhla-Naser-Bourita-et-Robert-Dussey-300x153-1.jpg\" class=\"attachment-medium size-medium wp-post-image\" alt=\"\" loading=\"lazy\" srcset=\"https:\/\/linitiative.ca\/International\/wp-content\/uploads\/sites\/23\/2022\/07\/consulat-geCC81neCC81ral-Togo-Dakhla-Naser-Bourita-et-Robert-Dussey-300x153-1.jpg 300w, https:\/\/aujourdhui.ma\/wp-content\/uploads\/2022\/07\/consulat-ge\u0301ne\u0301ral-Togo-Dakhla-Naser-Bourita-et-Robert-Dussey-274x140.jpg 274w, https:\/\/aujourdhui.ma\/wp-content\/uploads\/2022\/07\/consulat-ge\u0301ne\u0301ral-Togo-Dakhla-Naser-Bourita-et-Robert-Dussey.jpg 746w, https:\/\/aujourdhui.ma\/wp-content\/uploads\/2022\/07\/consulat-ge\u0301ne\u0301ral-Togo-Dakhla-Naser-Bourita-et-Robert-Dussey-165x84.jpg 165w, https:\/\/aujourdhui.ma\/wp-content\/uploads\/2022\/07\/consulat-ge\u0301ne\u0301ral-Togo-Dakhla-Naser-Bourita-et-Robert-Dussey-702x358.jpg 702w\" sizes=\"auto, (max-width: 300px) 100vw, 300px\"><\/p>\n<p><span style=\"font-size: 20px; color: #800000;\"><strong>La R\u00e9publique du Togo a ouvert jeudi 21 juillet 2022 un consulat g\u00e9n\u00e9ral \u00e0 Dakhla.<\/strong> <\/span><span id=\"more-413668\"><\/span><\/p>\n<p>La c\u00e9r\u00e9monie d\u2019inauguration a \u00e9t\u00e9 pr\u00e9sid\u00e9e par Nasser Bourita, ministre des Affaires \u00e9trang\u00e8res, de la Coop\u00e9ration africaine et des Marocains r\u00e9sidant \u00e0 l\u2019\u00e9tranger et Robert Dussey, ministre togolais des Affaires \u00e9trang\u00e8res, de l\u2019Int\u00e9gration africaine et des Togolais de l\u2019Ext\u00e9rieur.<\/p>\n<p>Avec cette nouvelle inauguration, le nombre des consulats ouverts dans les provinces du Sud est port\u00e9 \u00e0 26\u00a0 dont14 \u00e0 Dakhla et 12 \u00e0 La\u00e2youne.<\/p>\n<\/div>\n<p>Auteur: ALM<br \/>\n<a href=\"https:\/\/aujourdhui.ma\/actualite\/le-togo-inaugure-son-consulat-general-a-dakhla\">Cliquez ici pour lire l&rsquo;article depuis sa source.<\/a><\/p>\n","protected":false},"excerpt":{"rendered":"<p>La R\u00e9publique du Togo a ouvert jeudi 21 juillet 2022 un consulat g\u00e9n\u00e9ral \u00e0 Dakhla. La c\u00e9r\u00e9monie d\u2019inauguration a \u00e9t\u00e9 pr\u00e9sid\u00e9e par Nasser Bourita, ministre des Affaires \u00e9trang\u00e8res, de la Coop\u00e9ration africaine et des Marocains r\u00e9sidant \u00e0 l\u2019\u00e9tranger et Robert Dussey, ministre togolais des Affaires \u00e9trang\u00e8res, de l\u2019Int\u00e9gration africaine et des Togolais de l\u2019Ext\u00e9rieur. Avec [&hellip;]<\/p>\n","protected":false},"author":1759,"featured_media":0,"comment_status":"closed","ping_status":"closed","sticky":false,"template":"","format":"standard","meta":{"fifu_image_url":"https:\/\/aujourdhui.ma\/wp-content\/uploads\/2022\/07\/consulat-ge\u0301ne\u0301ral-Togo-Dakhla-Naser-Bourita-et-Robert-Dussey-300x153.jpg","fifu_image_alt":"Le Togo inaugure son consulat g\u00e9n\u00e9ral \u00e0 Dakhla","footnotes":""},"categories":[73,54],"tags":[],"class_list":["post-153037","post","type-post","status-publish","format-standard","hentry","category-actualite","category-maroc"],"_links":{"self":[{"href":"https:\/\/linitiative.ca\/International\/wp-json\/wp\/v2\/posts\/153037","targetHints":{"allow":["GET"]}}],"collection":[{"href":"https:\/\/linitiative.ca\/International\/wp-json\/wp\/v2\/posts"}],"about":[{"href":"https:\/\/linitiative.ca\/International\/wp-json\/wp\/v2\/types\/post"}],"author":[{"embeddable":true,"href":"https:\/\/linitiative.ca\/International\/wp-json\/wp\/v2\/users\/1759"}],"replies":[{"embeddable":true,"href":"https:\/\/linitiative.ca\/International\/wp-json\/wp\/v2\/comments?post=153037"}],"version-history":[{"count":0,"href":"https:\/\/linitiative.ca\/International\/wp-json\/wp\/v2\/posts\/153037\/revisions"}],"wp:attachment":[{"href":"https:\/\/linitiative.ca\/International\/wp-json\/wp\/v2\/media?parent=153037"}],"wp:term":[{"taxonomy":"category","embeddable":true,"href":"https:\/\/linitiative.ca\/International\/wp-json\/wp\/v2\/categories?post=153037"},{"taxonomy":"post_tag","embeddable":true,"href":"https:\/\/linitiative.ca\/International\/wp-json\/wp\/v2\/tags?post=153037"}],"curies":[{"name":"wp","href":"https:\/\/api.w.org\/{rel}","templated":true}]}}