{"id":153061,"date":"2022-07-21T09:04:44","date_gmt":"2022-07-21T13:04:44","guid":{"rendered":"https:\/\/linitiative.ca\/International\/le-togo-ouvre-un-consulat-a-dakhla\/"},"modified":"2022-07-21T09:04:44","modified_gmt":"2022-07-21T13:04:44","slug":"le-togo-ouvre-un-consulat-a-dakhla","status":"publish","type":"post","link":"https:\/\/linitiative.ca\/International\/le-togo-ouvre-un-consulat-a-dakhla\/","title":{"rendered":"Le Togo ouvre un consulat \u00e0 Dakhla"},"content":{"rendered":"<div>\n<div class=\"field field-name-body field-type-text-with-summary field-label-hidden\">\n<div class=\"field-items\">\n<div class=\"field-item even\" property=\"content:encoded\">\n<p class=\"rtejustify\">Le\u00a0Togo a ouvert, jeudi, un consulat g\u00e9n\u00e9ral \u00e0 Dakhla, un ouverture qui marque le soutien de ce pays ouest-africain \u00e0 la souverainet\u00e9 du Maroc sur son Sahara et \u00e0 son int\u00e9grit\u00e9 territoriale. La c\u00e9r\u00e9monie d&rsquo;inauguration a \u00e9t\u00e9 pr\u00e9sid\u00e9e par le ministre togolais des Affaires \u00e9trang\u00e8res, de l\u2019Int\u00e9gration africaine et des Togolais de l\u2019Ext\u00e9rieur, Robert Dussey et le ministre des Affaires \u00e9trang\u00e8res, de la Coop\u00e9ration africaine et des Marocains r\u00e9sidant \u00e0 l\u2019\u00e9tranger, Nasser Bourita.<\/p>\n<\/div>\n<\/div>\n<\/div>\n<\/div>\n<p>Auteur: hgueye<br \/>\n<a href=\"https:\/\/www.leconomiste.com\/flash-infos\/le-togo-ouvre-un-consulat-dakhla\">Cliquez ici pour lire l&rsquo;article depuis sa source.<\/a><\/p>\n","protected":false},"excerpt":{"rendered":"<p>Le\u00a0Togo a ouvert, jeudi, un consulat g\u00e9n\u00e9ral \u00e0 Dakhla, un ouverture qui marque le soutien de ce pays ouest-africain \u00e0 la souverainet\u00e9 du Maroc sur son Sahara et \u00e0 son int\u00e9grit\u00e9 territoriale. La c\u00e9r\u00e9monie d&rsquo;inauguration a \u00e9t\u00e9 pr\u00e9sid\u00e9e par le ministre togolais des Affaires \u00e9trang\u00e8res, de l\u2019Int\u00e9gration africaine et des Togolais de l\u2019Ext\u00e9rieur, Robert Dussey [&hellip;]<\/p>\n","protected":false},"author":1763,"featured_media":0,"comment_status":"closed","ping_status":"closed","sticky":false,"template":"","format":"standard","meta":{"fifu_image_url":"","fifu_image_alt":"","footnotes":""},"categories":[78,54],"tags":[],"class_list":["post-153061","post","type-post","status-publish","format-standard","hentry","category-economie","category-maroc"],"_links":{"self":[{"href":"https:\/\/linitiative.ca\/International\/wp-json\/wp\/v2\/posts\/153061","targetHints":{"allow":["GET"]}}],"collection":[{"href":"https:\/\/linitiative.ca\/International\/wp-json\/wp\/v2\/posts"}],"about":[{"href":"https:\/\/linitiative.ca\/International\/wp-json\/wp\/v2\/types\/post"}],"author":[{"embeddable":true,"href":"https:\/\/linitiative.ca\/International\/wp-json\/wp\/v2\/users\/1763"}],"replies":[{"embeddable":true,"href":"https:\/\/linitiative.ca\/International\/wp-json\/wp\/v2\/comments?post=153061"}],"version-history":[{"count":0,"href":"https:\/\/linitiative.ca\/International\/wp-json\/wp\/v2\/posts\/153061\/revisions"}],"wp:attachment":[{"href":"https:\/\/linitiative.ca\/International\/wp-json\/wp\/v2\/media?parent=153061"}],"wp:term":[{"taxonomy":"category","embeddable":true,"href":"https:\/\/linitiative.ca\/International\/wp-json\/wp\/v2\/categories?post=153061"},{"taxonomy":"post_tag","embeddable":true,"href":"https:\/\/linitiative.ca\/International\/wp-json\/wp\/v2\/tags?post=153061"}],"curies":[{"name":"wp","href":"https:\/\/api.w.org\/{rel}","templated":true}]}}