{"id":153128,"date":"2022-07-22T09:00:22","date_gmt":"2022-07-22T13:00:22","guid":{"rendered":"https:\/\/linitiative.ca\/International\/zone-dactivites-economiques-de-fnideq-plus-de-155-millions-de-dh-pour-appuyer-les-investisseurs\/"},"modified":"2022-07-22T09:00:22","modified_gmt":"2022-07-22T13:00:22","slug":"zone-dactivites-economiques-de-fnideq-plus-de-155-millions-de-dh-pour-appuyer-les-investisseurs","status":"publish","type":"post","link":"https:\/\/linitiative.ca\/International\/zone-dactivites-economiques-de-fnideq-plus-de-155-millions-de-dh-pour-appuyer-les-investisseurs\/","title":{"rendered":"Zone d\u2019activit\u00e9s \u00e9conomiques de Fnideq\u00a0 : Plus de 15,5 millions de DH pour appuyer les investisseurs"},"content":{"rendered":"<div>\n<p><img decoding=\"async\" width=\"300\" height=\"153\" src=\"https:\/\/linitiative.ca\/International\/wp-content\/uploads\/sites\/23\/2022\/07\/Zone-d_activiteCC81s-eCC81conomiques-de-Fnideq-300x153-1.jpg\" class=\"attachment-medium size-medium wp-post-image\" alt=\"\" loading=\"lazy\" srcset=\"https:\/\/linitiative.ca\/International\/wp-content\/uploads\/sites\/23\/2022\/07\/Zone-d_activiteCC81s-eCC81conomiques-de-Fnideq-300x153-1.jpg 300w, https:\/\/aujourdhui.ma\/wp-content\/uploads\/2022\/07\/Zone-d_activite\u0301s-e\u0301conomiques-de-Fnideq-274x140.jpg 274w, https:\/\/aujourdhui.ma\/wp-content\/uploads\/2022\/07\/Zone-d_activite\u0301s-e\u0301conomiques-de-Fnideq.jpg 746w, https:\/\/aujourdhui.ma\/wp-content\/uploads\/2022\/07\/Zone-d_activite\u0301s-e\u0301conomiques-de-Fnideq-165x84.jpg 165w, https:\/\/aujourdhui.ma\/wp-content\/uploads\/2022\/07\/Zone-d_activite\u0301s-e\u0301conomiques-de-Fnideq-702x358.jpg 702w\" sizes=\"auto, (max-width: 300px) 100vw, 300px\"><\/p>\n<p><span style=\"font-size: 20px; color: #800000;\"><strong>Le Conseil r\u00e9gional s\u2019engage \u00e0 assurer la moiti\u00e9 de cet appui financier (plus de 7,7 millions de dirhams), dans le cadre du fonds d\u2019appui aux entreprises, \u00e0 l\u2019attractivit\u00e9 de l\u2019investissement et \u00e0 l\u2019int\u00e9gration au march\u00e9 d\u2019emploi pour la p\u00e9riode 2022-2026.<\/strong><\/span><span id=\"more-413725\"><\/span><\/p>\n<p>Le autorit\u00e9s et les partenaires concern\u00e9s se mobilisent pour apporter le soutien et l\u2019accompagnement au profit des premiers op\u00e9rateurs \u00e9conomiques install\u00e9s dans la Zone d\u2019activit\u00e9s \u00e9conomiques de Fnideq (ZAEF) afin de les aider \u00e0 effectuer un bon d\u00e9marrage de leurs activit\u00e9s au sein de cette infrastructure d\u2019accueil. Ceci dans le cadre d\u2019une nouvelle convention sp\u00e9cifique de partenariat, relatif \u00e0 l\u2019appui financier aux investisseurs b\u00e9n\u00e9ficiaires de la premi\u00e8re tranche de la ZAEF, dont les dispositions viennent d\u2019\u00eatre approuv\u00e9es lors de la derni\u00e8re session ordinaire du Conseil r\u00e9gional de Tanger-T\u00e9touan-Al Hoceima. \u00abLa pr\u00e9sente convention a pour objet de d\u00e9finir les modalit\u00e9s de l\u2019appui financ\u00e9 aux investisseurs sous forme d\u2019une subvention \u00e0 hauteur de 50% des frais de location des entrep\u00f4ts des investisseurs install\u00e9s \u00e0 la premi\u00e8re tranche de la ZAEF\u00bb pendant 24 mois \u00e0 partir du d\u00e9marrage effectif de la zone, selon les dispositions de ce partenariat.<br \/>\nD\u00e9veloppement de l\u2019emploi et de l\u2019investissement<\/p>\n<p>Cette convention de partenariat, qui rentre dans le cadre de l\u2019ambitieux programme de d\u00e9veloppement du secteur de l\u2019emploi et de l\u2019investissement, refl\u00e8te la volont\u00e9 collective des parties concluantes, notamment la wilaya de la r\u00e9gion de Tanger-T\u00e9touan-Al Hoceima, la pr\u00e9fecture de M\u2019diq-Fnideq, le Conseil r\u00e9gional, l\u2019Agence pour la promotion et le d\u00e9veloppement du Nord (APDN) et la Soci\u00e9t\u00e9 de la ZAEF, pour aider au bon d\u00e9part des activit\u00e9s des investisseurs \u00e0 partir de leur installation au sein de la ZAEF. Ils se mobilisent pour\u00a0\u00abmettre \u00e0 contribution leurs moyens financiers et techniques pour la r\u00e9alisation du projet\u00bb, pr\u00e9cise la m\u00eame source.<br \/>\nModalit\u00e9s de financement<\/p>\n<p>D\u2019une enveloppe budg\u00e9taire globale de plus de 15,5 millions de dirhams, l\u2019appui financier, qui sera octroy\u00e9 aux investisseurs b\u00e9n\u00e9ficiaires de la premi\u00e8re tranche de la ZAEF, sera assur\u00e9 gr\u00e2ce \u00e0 la convention de mise en place d\u2019un dispositif incitatif de subvention \u00e0 l\u2019investissement priv\u00e9 et le soutien \u00e0 l\u2019entrepreneuriat dans la pr\u00e9fecture de M\u2019diq-Fnideq et la province de T\u00e9touan, et ce pour un montant de l\u2019ordre de plus de 7,7 millions de dirhams.<br \/>\nLe Conseil r\u00e9gional s\u2019engage \u00e0 assurer l\u2019autre moiti\u00e9 de cet appui financier (plus de 7,7 millions de dirhams), dans le cadre du fonds d\u2019appui aux entreprises, \u00e0 l\u2019attractivit\u00e9 de l\u2019investissement et \u00e0 l\u2019int\u00e9gration au march\u00e9 d\u2019emploi pour la p\u00e9riode 2022-2026.<br \/>\nL\u2019APDN a pour mission, elle, d\u2019assurer le d\u00e9blocage des fonds par virement \u00e0 la Soci\u00e9t\u00e9 de la ZAEF conform\u00e9ment aux dispositions de l\u2019article 2.2 de ce partenariat.<br \/>\nRappelons que, \u00e9tant op\u00e9rationnelle depuis pr\u00e8s de six mois, la ZAEF \u2013 qui a n\u00e9cessit\u00e9 un investissement de 200 millions de dirhams \u2013 a pour objectif principal d\u2019am\u00e9liorer l\u2019employabilit\u00e9 des jeunes dans la province de T\u00e9touan et la pr\u00e9fecture de M\u2019diq-Fnideq, de renforcer l\u2019offre en infrastructures d\u2019accueil, de favoriser l\u2019attractivit\u00e9 des investisseurs et de booster la croissance \u00e9conomique des secteurs cibl\u00e9s au Nord.<\/p>\n<\/div>\n<p>Auteur: Najat Fa\u00efssal<br \/>\n<a href=\"https:\/\/aujourdhui.ma\/economie\/zone-dactivites-economiques-de-fnideq-plus-de-155-millions-de-dh-pour-appuyer-les-investisseurs\">Cliquez ici pour lire l&rsquo;article depuis sa source.<\/a><\/p>\n","protected":false},"excerpt":{"rendered":"<p>Le Conseil r\u00e9gional s\u2019engage \u00e0 assurer la moiti\u00e9 de cet appui financier (plus de 7,7 millions de dirhams), dans le cadre du fonds d\u2019appui aux entreprises, \u00e0 l\u2019attractivit\u00e9 de l\u2019investissement et \u00e0 l\u2019int\u00e9gration au march\u00e9 d\u2019emploi pour la p\u00e9riode 2022-2026. Le autorit\u00e9s et les partenaires concern\u00e9s se mobilisent pour apporter le soutien et l\u2019accompagnement au [&hellip;]<\/p>\n","protected":false},"author":1759,"featured_media":0,"comment_status":"closed","ping_status":"closed","sticky":false,"template":"","format":"standard","meta":{"fifu_image_url":"https:\/\/aujourdhui.ma\/wp-content\/uploads\/2022\/07\/Zone-d_activite\u0301s-e\u0301conomiques-de-Fnideq-300x153.jpg","fifu_image_alt":"Zone d\u2019activit\u00e9s \u00e9conomiques de Fnideq\u00a0 : Plus de 15,5 millions de DH pour appuyer les investisseurs","footnotes":""},"categories":[73,54],"tags":[],"class_list":["post-153128","post","type-post","status-publish","format-standard","hentry","category-actualite","category-maroc"],"_links":{"self":[{"href":"https:\/\/linitiative.ca\/International\/wp-json\/wp\/v2\/posts\/153128","targetHints":{"allow":["GET"]}}],"collection":[{"href":"https:\/\/linitiative.ca\/International\/wp-json\/wp\/v2\/posts"}],"about":[{"href":"https:\/\/linitiative.ca\/International\/wp-json\/wp\/v2\/types\/post"}],"author":[{"embeddable":true,"href":"https:\/\/linitiative.ca\/International\/wp-json\/wp\/v2\/users\/1759"}],"replies":[{"embeddable":true,"href":"https:\/\/linitiative.ca\/International\/wp-json\/wp\/v2\/comments?post=153128"}],"version-history":[{"count":0,"href":"https:\/\/linitiative.ca\/International\/wp-json\/wp\/v2\/posts\/153128\/revisions"}],"wp:attachment":[{"href":"https:\/\/linitiative.ca\/International\/wp-json\/wp\/v2\/media?parent=153128"}],"wp:term":[{"taxonomy":"category","embeddable":true,"href":"https:\/\/linitiative.ca\/International\/wp-json\/wp\/v2\/categories?post=153128"},{"taxonomy":"post_tag","embeddable":true,"href":"https:\/\/linitiative.ca\/International\/wp-json\/wp\/v2\/tags?post=153128"}],"curies":[{"name":"wp","href":"https:\/\/api.w.org\/{rel}","templated":true}]}}