{"id":153149,"date":"2022-07-22T13:04:42","date_gmt":"2022-07-22T17:04:42","guid":{"rendered":"https:\/\/linitiative.ca\/International\/lassociation-ahl-el-fen-presente-le-spectacle-all-stars-5-au-theatre-des-merveilles\/"},"modified":"2022-07-22T13:04:42","modified_gmt":"2022-07-22T17:04:42","slug":"lassociation-ahl-el-fen-presente-le-spectacle-all-stars-5-au-theatre-des-merveilles","status":"publish","type":"post","link":"https:\/\/linitiative.ca\/International\/lassociation-ahl-el-fen-presente-le-spectacle-all-stars-5-au-theatre-des-merveilles\/","title":{"rendered":"L&rsquo;association \u00ab\u00a0Ahl El Fen\u00a0\u00bb pr\u00e9sente le spectacle \u00ab\u00a0All Stars 5, au th\u00e9\u00e2tre des merveilles\u2019\u2019"},"content":{"rendered":"<div>\n<div class=\"K2FeedImage\"><img decoding=\"async\" src=\"https:\/\/www.aps.dz\/media\/k2\/items\/cache\/be5c969e89b99e08ccc2d02253b9ea30_S.jpg\" alt=\"L'association \" ahl el fen pr le spectacle stars au th des merveilles><\/div>\n<div class=\"K2FeedIntroText\">\n<p><strong>ALGER &#8211; \u00ab\u00a0All Star 5, au th\u00e9\u00e2tre des merveilles\u2019\u2019, un spectacle de chants et de danses classiques et contemporaines a \u00e9t\u00e9 anim\u00e9, jeudi soir \u00e0 Alger, par l\u2019association culturelle \u00ab\u00a0Ahl El Fen\u00a0\u00bb pour la musique, la danse et le th\u00e9\u00e2tre, devant un public nombreux.<\/strong><\/p>\n<\/div>\n<div class=\"K2FeedFullText\">\n<p>Accueilli au Th\u00e9\u00e2tre national Mahieddine-Bachtarzi (TNA), le spectacle a permis d\u2019appr\u00e9cier un programme riche et vari\u00e9, pr\u00e9par\u00e9 par les 150 membres de l\u2019association, sous la houlette de Nesrine Bourahla, pr\u00e9sidente de ce collectif.<\/p>\n<p>Durant plus de trois heures de temps, les \u00e9l\u00e8ves de l\u2019association, de diff\u00e9rents \u00e2ges et niveaux ont pr\u00e9sent\u00e9 leurs programmes respectifs, sous la direction artistique de Hani et Chaker Bourahla pour la musique et la danse respectivement.\u00a0\u00a0\u00a0\u00a0\u00a0<\/p>\n<p>Apr\u00e8s une sc\u00e8ne d\u2019exposition, une danse fusionnant les genres classique et moderne intitul\u00e9e \u00ab\u00a0Cinq saisons pr\u00e9sentent leurs Stars\u00a0\u00bb a \u00e9t\u00e9 men\u00e9e par une quinzaine de ballerines, toutes de rouge v\u00eatues, qui ont accompagn\u00e9 les solistes Kamelia Oukid et Chakir Bourahla.<\/p>\n<p>Alternant danses et chants, l\u2019association Ahl El Fen a ensuite pr\u00e9sent\u00e9 le jeune Orchestre de la classe initiale et sa trentaine de ch\u00e9rubins, qui s\u2019est essay\u00e9 avec succ\u00e8s \u00e0 reprendre quelques chansons de r\u00e9f\u00e9rence de la musique andalouse.<\/p>\n<p>Soutenue par de petits virtuoses, \u00e0 l\u2019instar de Sophia et Racim Ameur (5 et 4 ans), la petite soliste In\u00e8s Sa\u00efdj (5ans) s\u2019est particuli\u00e8rement distingu\u00e9e avec sa voix juste au ton cristallin.<\/p>\n<p>Apr\u00e8s la brillante prestation de l\u2019Orchestre cha\u00e2bi f\u00e9minin, nouveaut\u00e9 dans l\u2019association, qui a entonn\u00e9 quelques pi\u00e8ces du r\u00e9pertoire populaire, les voix suaves d\u2019Anais Oukid et Im\u00e8ne Amarouche ont pris le relai, interpr\u00e9tant, entre autres pi\u00e8ces, \u00ab\u00a0Ya loun el a\u00e2ssel\u00a0\u00bb, \u00ab\u00a0Amchi ya Rassoul\u00a0\u00bb et \u00ab\u00a0Ya ness djarat\u2019li el gharayeb\u00a0\u00bb.<\/p>\n<p>\u00ab\u00a0La Casa d\u2019el TNA\u00a0\u00bb, une autre chor\u00e9graphie brillamment rendue par l\u2019ensemble des danseurs du collectif, a vu le jeune Abderrahmane La\u00efhem (10ans) se d\u00e9marquer, avec quelques figures de style particuli\u00e8rement difficiles, qu\u2019il a ex\u00e9cut\u00e9es dans la gr\u00e2ce du mouvement et la beaut\u00e9 du geste.<\/p>\n<p>La classe sup\u00e9rieure et \u00ab\u00a0Tarboucha Project\u00a0\u00bb, l\u2019autre nouveaut\u00e9 de l\u2019association, qui consiste \u00e0 reprendre les chansons alg\u00e9riennes \u00e0 succ\u00e8s et les restituer dans un nouvel habillage artistique, qui m\u00eale la musique \u00e0 la danse a clos le spectacle tr\u00e8s appr\u00e9ci\u00e9 par l\u2019assistance.<\/p>\n<\/div>\n<\/div>\n<p>Auteur:<br \/>\n<a href=\"https:\/\/www.aps.dz\/culture\/143115-l-association-ahl-el-fen-presente-le-spectacle-all-stars-5-au-theatre-des-merveilles\">Cliquez ici pour lire l&rsquo;article depuis sa source.<\/a><\/p>\n","protected":false},"excerpt":{"rendered":"<p>ALGER &#8211; \u00ab\u00a0All Star 5, au th\u00e9\u00e2tre des merveilles\u2019\u2019, un spectacle de chants et de danses classiques et contemporaines a \u00e9t\u00e9 anim\u00e9, jeudi soir \u00e0 Alger, par l\u2019association culturelle \u00ab\u00a0Ahl El Fen\u00a0\u00bb pour la musique, la danse et le th\u00e9\u00e2tre, devant un public nombreux. Accueilli au Th\u00e9\u00e2tre national Mahieddine-Bachtarzi (TNA), le spectacle a permis d\u2019appr\u00e9cier [&hellip;]<\/p>\n","protected":false},"author":1790,"featured_media":0,"comment_status":"closed","ping_status":"closed","sticky":false,"template":"","format":"standard","meta":{"fifu_image_url":"https:\/\/www.aps.dz\/media\/k2\/items\/cache\/be5c969e89b99e08ccc2d02253b9ea30_S.jpg","fifu_image_alt":"<div>L'association \"Ahl El Fen\" pr\u00e9sente le spectacle \"All Stars 5, au th\u00e9\u00e2tre des merveilles\u2019\u2019<\/div>","footnotes":""},"categories":[53,79],"tags":[],"class_list":["post-153149","post","type-post","status-publish","format-standard","hentry","category-algerie","category-culture"],"_links":{"self":[{"href":"https:\/\/linitiative.ca\/International\/wp-json\/wp\/v2\/posts\/153149","targetHints":{"allow":["GET"]}}],"collection":[{"href":"https:\/\/linitiative.ca\/International\/wp-json\/wp\/v2\/posts"}],"about":[{"href":"https:\/\/linitiative.ca\/International\/wp-json\/wp\/v2\/types\/post"}],"author":[{"embeddable":true,"href":"https:\/\/linitiative.ca\/International\/wp-json\/wp\/v2\/users\/1790"}],"replies":[{"embeddable":true,"href":"https:\/\/linitiative.ca\/International\/wp-json\/wp\/v2\/comments?post=153149"}],"version-history":[{"count":0,"href":"https:\/\/linitiative.ca\/International\/wp-json\/wp\/v2\/posts\/153149\/revisions"}],"wp:attachment":[{"href":"https:\/\/linitiative.ca\/International\/wp-json\/wp\/v2\/media?parent=153149"}],"wp:term":[{"taxonomy":"category","embeddable":true,"href":"https:\/\/linitiative.ca\/International\/wp-json\/wp\/v2\/categories?post=153149"},{"taxonomy":"post_tag","embeddable":true,"href":"https:\/\/linitiative.ca\/International\/wp-json\/wp\/v2\/tags?post=153149"}],"curies":[{"name":"wp","href":"https:\/\/api.w.org\/{rel}","templated":true}]}}