{"id":153160,"date":"2022-07-22T08:43:47","date_gmt":"2022-07-22T12:43:47","guid":{"rendered":"https:\/\/linitiative.ca\/International\/ouverture-a-oujda-de-la-1ere-foire-africaine\/"},"modified":"2022-07-22T08:43:47","modified_gmt":"2022-07-22T12:43:47","slug":"ouverture-a-oujda-de-la-1ere-foire-africaine","status":"publish","type":"post","link":"https:\/\/linitiative.ca\/International\/ouverture-a-oujda-de-la-1ere-foire-africaine\/","title":{"rendered":"Ouverture \u00e0 Oujda de la 1\u00e8re foire africaine"},"content":{"rendered":"<div>\n<div style=\"margin-bottom:20px;\"><img loading=\"lazy\" decoding=\"async\" width=\"750\" height=\"430\" src=\"https:\/\/linitiative.ca\/International\/wp-content\/uploads\/sites\/23\/2022\/07\/La-ville-dOujda-vu-panoramique-750C397430-MAP.jpg\" class=\"attachment-post-thumbnail size-post-thumbnail wp-post-image\" alt=\"\" srcset=\"https:\/\/linitiative.ca\/International\/wp-content\/uploads\/sites\/23\/2022\/07\/La-ville-dOujda-vu-panoramique-750C397430-MAP.jpg 750w, https:\/\/www.mapoujda.ma\/map\/uploads\/2021\/12\/La-ville-dOujda-vu-panoramique-750\u00d7430-MAP-300x172.jpg 300w\" sizes=\"auto, (max-width: 750px) 100vw, 750px\"><\/div>\n<p>La premi\u00e8re \u00e9dition de la foire africaine, organis\u00e9e du 21 au 24 juillet \u00e0 l\u2019initiative de l\u2019association des Pionniers du changement pour le d\u00e9veloppement et la culture, s\u2019est ouverte jeudi \u00e0 Oujda.<\/p>\n<p>Selon un communiqu\u00e9 de l\u2019association, cette exposition, dont les activit\u00e9s seront accueillies par le parc historique Lalla A\u00efcha, s\u2019inscrit dans le cadre du projet \u00ab\u00a0Protection des migrants dans la r\u00e9gion de l\u2019Oriental\u00a0\u00bb, mis en \u0153uvre en partenariat avec l\u2019association Maroc solidarit\u00e9 m\u00e9dicale et sociale et financ\u00e9 par l\u2019Agence catalane de coop\u00e9ration et de d\u00e9veloppement.<\/p>\n<p>Dans des d\u00e9clarations \u00e0 la MAP, le directeur ex\u00e9cutif de l\u2019association des Pionniers du changement pour le d\u00e9veloppement et la culture, Chakib Sbaibi, a indiqu\u00e9 que cette foire comprend plusieurs activit\u00e9s culturelles et \u00e9conomiques et des ateliers au profit des jeunes sur le vivre-ensemble, ajoutant que la foire pr\u00e9voit aussi des expositions de produits marocains et des pays subsahariens.<\/p>\n<p>La foire \u00ab\u00a0est une occasion d\u2019\u00e9tablir un espace de convergence des cultures africaines dans la ville d\u2019Oujda, qui constitue \u00e0 juste titre la porte d\u2019entr\u00e9e de la r\u00e9gion du Maghreb et un point de de transit et d\u2019installation de milliers de migrants\u00a0\u00bb, a-t-il ajout\u00e9.<\/p>\n<p>Le pr\u00e9sident du Conseil de la commune d\u2019Oujda, Mohamed Azzaoui a soulign\u00e9, de son c\u00f4t\u00e9, l\u2019importance de cet \u00e9v\u00e8nement africain qui s\u2019inscrit en droite ligne de la politique africaine du Maroc et de son ouverture sur le continent.<\/p>\n<p>Il a salu\u00e9 l\u2019organisation de ce genre d\u2019activit\u00e9s qui contribuent aux efforts visant \u00e0 renforcer les \u00e9changes culturels entre tous les peuples d\u2019Afrique.<\/p>\n<p>Cette foire vise, selon les organisateurs, \u00e0 diffuser la culture africaine et les valeurs de coexistence, d\u2019autant plus que la ville d\u2019Oujda accueille d\u2019importantes communaut\u00e9s d\u2019Afrique subsaharienne et des dizaines d\u2019\u00e9tudiants qui poursuivent leurs \u00e9tudes sup\u00e9rieures dans des instituts et \u00e9tablissements relevant de l\u2019universit\u00e9 Mohammed 1er.<\/p>\n<p>L\u2019article <a rel=\"nofollow\" href=\"https:\/\/www.mapoujda.ma\/fr\/ouverture-a-oujda-de-la-1ere-foire-africaine\/\">Ouverture \u00e0 Oujda de la 1\u00e8re foire africaine<\/a> est apparu en premier sur <a rel=\"nofollow\" href=\"https:\/\/www.mapoujda.ma\/fr\">MapOujda<\/a>.<\/p>\n<\/div>\n<p>Auteur: Ismail Bahhane<br \/>\n<a href=\"https:\/\/www.mapoujda.ma\/fr\/ouverture-a-oujda-de-la-1ere-foire-africaine\/\">Cliquez ici pour lire l&rsquo;article depuis sa source.<\/a><\/p>\n","protected":false},"excerpt":{"rendered":"<p>La premi\u00e8re \u00e9dition de la foire africaine, organis\u00e9e du 21 au 24 juillet \u00e0 l\u2019initiative de l\u2019association des Pionniers du changement pour le d\u00e9veloppement et la culture, s\u2019est ouverte jeudi \u00e0 Oujda. Selon un communiqu\u00e9 de l\u2019association, cette exposition, dont les activit\u00e9s seront accueillies par le parc historique Lalla A\u00efcha, s\u2019inscrit dans le cadre du [&hellip;]<\/p>\n","protected":false},"author":1788,"featured_media":0,"comment_status":"closed","ping_status":"closed","sticky":false,"template":"","format":"standard","meta":{"fifu_image_url":"https:\/\/www.mapoujda.ma\/map\/uploads\/2021\/12\/La-ville-dOujda-vu-panoramique-750\u00d7430-MAP.jpg","fifu_image_alt":"Ouverture \u00e0 Oujda de la 1\u00e8re foire africaine","footnotes":""},"categories":[54,76],"tags":[],"class_list":["post-153160","post","type-post","status-publish","format-standard","hentry","category-maroc","category-regions"],"_links":{"self":[{"href":"https:\/\/linitiative.ca\/International\/wp-json\/wp\/v2\/posts\/153160","targetHints":{"allow":["GET"]}}],"collection":[{"href":"https:\/\/linitiative.ca\/International\/wp-json\/wp\/v2\/posts"}],"about":[{"href":"https:\/\/linitiative.ca\/International\/wp-json\/wp\/v2\/types\/post"}],"author":[{"embeddable":true,"href":"https:\/\/linitiative.ca\/International\/wp-json\/wp\/v2\/users\/1788"}],"replies":[{"embeddable":true,"href":"https:\/\/linitiative.ca\/International\/wp-json\/wp\/v2\/comments?post=153160"}],"version-history":[{"count":0,"href":"https:\/\/linitiative.ca\/International\/wp-json\/wp\/v2\/posts\/153160\/revisions"}],"wp:attachment":[{"href":"https:\/\/linitiative.ca\/International\/wp-json\/wp\/v2\/media?parent=153160"}],"wp:term":[{"taxonomy":"category","embeddable":true,"href":"https:\/\/linitiative.ca\/International\/wp-json\/wp\/v2\/categories?post=153160"},{"taxonomy":"post_tag","embeddable":true,"href":"https:\/\/linitiative.ca\/International\/wp-json\/wp\/v2\/tags?post=153160"}],"curies":[{"name":"wp","href":"https:\/\/api.w.org\/{rel}","templated":true}]}}