{"id":153174,"date":"2022-07-22T04:20:00","date_gmt":"2022-07-22T08:20:00","guid":{"rendered":"https:\/\/linitiative.ca\/International\/la-famille-sportive-de-tunisie-telecom-sagrandit-avec-walid-boudhiaf\/"},"modified":"2022-07-22T04:20:00","modified_gmt":"2022-07-22T08:20:00","slug":"la-famille-sportive-de-tunisie-telecom-sagrandit-avec-walid-boudhiaf","status":"publish","type":"post","link":"https:\/\/linitiative.ca\/International\/la-famille-sportive-de-tunisie-telecom-sagrandit-avec-walid-boudhiaf\/","title":{"rendered":"La famille sportive de Tunisie T\u00e9l\u00e9com s\u2019agrandit avec Walid Boudhiaf"},"content":{"rendered":"<div><img decoding=\"async\" src=\"https:\/\/linitiative.ca\/International\/wp-content\/uploads\/sites\/23\/2022\/07\/1658474800_article.jpg\" alt=\"La famille sportive de Tunisie T\u00e9l\u00e9com s\u2019agrandit avec Walid Boudhiaf\" align=\"left\">Nous avons d\u2019un c\u00f4t\u00e9 Tunisie T\u00e9l\u00e9com l\u2019op\u00e9rateur national qui depuis plus d\u2019une d\u00e9cennie s\u2019est impos\u00e9 comme le partenaire officiel du sport et des sportifs tunisiens: du football au tennis en passant par le Volleyball ou encore le Basketball et le Handball \u2026<br \/>\nEt de l\u2019autre Walid Boudhiaf, actuel d\u00e9tenteur du record du monde d\u2019apn\u00e9e, triple m\u00e9daill\u00e9 d\u2019or aux comp\u00e9titions internationales et vice-champion du monde au CMAS \u2013 Conf\u00e9d\u00e9ration Mondiale des Activit\u00e9s Subaquatiques. Autant dire que ce partenariat n\u2019\u00e9tait plus qu\u2019une \u00e9vidence !<br \/>\nDepuis pr\u00e8s de 14 ans, ce sportif de haut niveau a fait de sa passion pour le monde marin, bien plus qu\u2019un m\u00e9tier &#8230;<\/p>\n<\/div>\n<p>Auteur:<br \/>\n<a href=\"https:\/\/www.leaders.com.tn\/article\/33641-la-famille-sportive-de-tunisie-telecom-s-agrandit-avec-walid-boudhiaf\">Cliquez ici pour lire l&rsquo;article depuis sa source.<\/a><\/p>\n","protected":false},"excerpt":{"rendered":"<p>Nous avons d\u2019un c\u00f4t\u00e9 Tunisie T\u00e9l\u00e9com l\u2019op\u00e9rateur national qui depuis plus d\u2019une d\u00e9cennie s\u2019est impos\u00e9 comme le partenaire officiel du sport et des sportifs tunisiens: du football au tennis en passant par le Volleyball ou encore le Basketball et le Handball \u2026 Et de l\u2019autre Walid Boudhiaf, actuel d\u00e9tenteur du record du monde d\u2019apn\u00e9e, triple [&hellip;]<\/p>\n","protected":false},"author":1772,"featured_media":0,"comment_status":"closed","ping_status":"closed","sticky":false,"template":"","format":"standard","meta":{"fifu_image_url":"http:\/\/www.leaders.com.tn\/uploads\/content\/thumbnails_small\/1658474800_article.jpg","fifu_image_alt":"La famille sportive de Tunisie T\u00e9l\u00e9com s\u2019agrandit avec Walid Boudhiaf","footnotes":""},"categories":[73,55],"tags":[],"class_list":["post-153174","post","type-post","status-publish","format-standard","hentry","category-actualite","category-tunisie"],"_links":{"self":[{"href":"https:\/\/linitiative.ca\/International\/wp-json\/wp\/v2\/posts\/153174","targetHints":{"allow":["GET"]}}],"collection":[{"href":"https:\/\/linitiative.ca\/International\/wp-json\/wp\/v2\/posts"}],"about":[{"href":"https:\/\/linitiative.ca\/International\/wp-json\/wp\/v2\/types\/post"}],"author":[{"embeddable":true,"href":"https:\/\/linitiative.ca\/International\/wp-json\/wp\/v2\/users\/1772"}],"replies":[{"embeddable":true,"href":"https:\/\/linitiative.ca\/International\/wp-json\/wp\/v2\/comments?post=153174"}],"version-history":[{"count":0,"href":"https:\/\/linitiative.ca\/International\/wp-json\/wp\/v2\/posts\/153174\/revisions"}],"wp:attachment":[{"href":"https:\/\/linitiative.ca\/International\/wp-json\/wp\/v2\/media?parent=153174"}],"wp:term":[{"taxonomy":"category","embeddable":true,"href":"https:\/\/linitiative.ca\/International\/wp-json\/wp\/v2\/categories?post=153174"},{"taxonomy":"post_tag","embeddable":true,"href":"https:\/\/linitiative.ca\/International\/wp-json\/wp\/v2\/tags?post=153174"}],"curies":[{"name":"wp","href":"https:\/\/api.w.org\/{rel}","templated":true}]}}