{"id":153191,"date":"2022-07-22T15:52:26","date_gmt":"2022-07-22T19:52:26","guid":{"rendered":"https:\/\/linitiative.ca\/International\/tunisie-ou-est-passee-la-recolte-exceptionnelle-de-ble-quon-nous-avait-promise\/"},"modified":"2022-07-22T15:52:26","modified_gmt":"2022-07-22T19:52:26","slug":"tunisie-ou-est-passee-la-recolte-exceptionnelle-de-ble-quon-nous-avait-promise","status":"publish","type":"post","link":"https:\/\/linitiative.ca\/International\/tunisie-ou-est-passee-la-recolte-exceptionnelle-de-ble-quon-nous-avait-promise\/","title":{"rendered":"Tunisie \u2013 O\u00f9 est pass\u00e9e la r\u00e9colte exceptionnelle de bl\u00e9 qu\u2019on nous avait promise\u00a0?"},"content":{"rendered":"<div>\n<p>Il semble bien que la confiance ne r\u00e8gne point entre l\u2019Etat tunisien et les producteurs locaux, \u00e0 l\u2019instar de ce qui se passe avec les fournisseurs \u00e9trangers qui disent, ouvertement, que l\u2019Etat tunisien n\u2019est plus solvable. Et au premier rang des producteurs locaux, les agriculteurs. Il semblerait, selon ce qu\u2019on rapporte depuis plusieurs sources, que [\u2026]<\/p>\n<p>L\u2019article <a href=\"https:\/\/www.tunisienumerique.com\/tunisie-ou-est-passee-la-recolte-exceptionnelle-de-ble-quon-nous-avait-promise\/\">Tunisie \u2013 O\u00f9 est pass\u00e9e la r\u00e9colte exceptionnelle de bl\u00e9 qu\u2019on nous avait promise\u00a0?<\/a> est apparu en premier sur <a href=\"https:\/\/www.tunisienumerique.com\/\">Tunisie<\/a>.<\/p>\n<\/div>\n<p>Auteur: Ramsis<br \/>\n<a href=\"https:\/\/www.tunisienumerique.com\/tunisie-ou-est-passee-la-recolte-exceptionnelle-de-ble-quon-nous-avait-promise\/\">Cliquez ici pour lire l&rsquo;article depuis sa source.<\/a><\/p>\n","protected":false},"excerpt":{"rendered":"<p>Il semble bien que la confiance ne r\u00e8gne point entre l\u2019Etat tunisien et les producteurs locaux, \u00e0 l\u2019instar de ce qui se passe avec les fournisseurs \u00e9trangers qui disent, ouvertement, que l\u2019Etat tunisien n\u2019est plus solvable. Et au premier rang des producteurs locaux, les agriculteurs. Il semblerait, selon ce qu\u2019on rapporte depuis plusieurs sources, que [&hellip;]<\/p>\n","protected":false},"author":1789,"featured_media":0,"comment_status":"closed","ping_status":"closed","sticky":false,"template":"","format":"standard","meta":{"fifu_image_url":"","fifu_image_alt":"","footnotes":""},"categories":[73,55],"tags":[],"class_list":["post-153191","post","type-post","status-publish","format-standard","hentry","category-actualite","category-tunisie"],"_links":{"self":[{"href":"https:\/\/linitiative.ca\/International\/wp-json\/wp\/v2\/posts\/153191","targetHints":{"allow":["GET"]}}],"collection":[{"href":"https:\/\/linitiative.ca\/International\/wp-json\/wp\/v2\/posts"}],"about":[{"href":"https:\/\/linitiative.ca\/International\/wp-json\/wp\/v2\/types\/post"}],"author":[{"embeddable":true,"href":"https:\/\/linitiative.ca\/International\/wp-json\/wp\/v2\/users\/1789"}],"replies":[{"embeddable":true,"href":"https:\/\/linitiative.ca\/International\/wp-json\/wp\/v2\/comments?post=153191"}],"version-history":[{"count":0,"href":"https:\/\/linitiative.ca\/International\/wp-json\/wp\/v2\/posts\/153191\/revisions"}],"wp:attachment":[{"href":"https:\/\/linitiative.ca\/International\/wp-json\/wp\/v2\/media?parent=153191"}],"wp:term":[{"taxonomy":"category","embeddable":true,"href":"https:\/\/linitiative.ca\/International\/wp-json\/wp\/v2\/categories?post=153191"},{"taxonomy":"post_tag","embeddable":true,"href":"https:\/\/linitiative.ca\/International\/wp-json\/wp\/v2\/tags?post=153191"}],"curies":[{"name":"wp","href":"https:\/\/api.w.org\/{rel}","templated":true}]}}