{"id":153194,"date":"2022-07-22T07:16:24","date_gmt":"2022-07-22T11:16:24","guid":{"rendered":"https:\/\/linitiative.ca\/International\/caf-awards-2022-sadio-mane-et-le-senegal-au-sommet-du-football-africain\/"},"modified":"2022-07-22T07:16:24","modified_gmt":"2022-07-22T11:16:24","slug":"caf-awards-2022-sadio-mane-et-le-senegal-au-sommet-du-football-africain","status":"publish","type":"post","link":"https:\/\/linitiative.ca\/International\/caf-awards-2022-sadio-mane-et-le-senegal-au-sommet-du-football-africain\/","title":{"rendered":"CAF Awards 2022\u00a0: Sadio Man\u00e9 et le S\u00e9n\u00e9gal au sommet du football africain"},"content":{"rendered":"<div>\n<p>Le S\u00e9n\u00e9gal est au sommet du football africain. Cette supr\u00e9matie a \u00e9t\u00e9 confirm\u00e9e, le jeudi 21 juillet au Centre Technique Mohamed VI \u00e0 Rabat au Maroc, lors des CAF Awards.<\/p>\n<p>Cette ann\u00e9e, le titre de Joueur africain de l\u2019ann\u00e9e (Ballon d\u2019or) a \u00e9t\u00e9 remport\u00e9 par le capitaine des Lions de la Teranga et soci\u00e9taire du Bayern de Munich, Sadio Man\u00e9.<\/p>\n<p>Le S\u00e9n\u00e9gal a \u00e9galement brill\u00e9 avec Aliou Ciss\u00e9 qui a \u00e9t\u00e9 nomm\u00e9 Entra\u00eeneur de l\u2019ann\u00e9e et Pape Matar Sarr, Jeune joueur de l\u2019ann\u00e9e.<\/p>\n<p>Le titre d\u2019\u00e9quipe nationale de l\u2019ann\u00e9e est aussi revenu au S\u00e9n\u00e9gal et celui de but de l\u2019ann\u00e9e de la CAF au joueur s\u00e9n\u00e9galais de Simba Pape Ousmane Sakho.<\/p>\n<p><strong>AK<\/strong><\/p>\n<hr>\n<p><strong>\u00a0\u00a0\u00a0\u00a0\u00a0\u00a0\u00a0\u00a0\u00a0\u00a0\u00a0\u00a0\u00a0\u00a0\u00a0\u00a0\u00a0\u00a0\u00a0\u00a0\u00a0\u00a0\u00a0\u00a0\u00a0\u00a0\u00a0\u00a0\u00a0\u00a0\u00a0\u00a0\u00a0\u00a0\u00a0\u00a0\u00a0\u00a0\u00a0\u00a0 Palmar\u00e8s des CAF awards <\/strong><\/p>\n<p><strong>Joueur de l\u2019ann\u00e9e <\/strong><\/p>\n<p>Sadio Man\u00e9 (S\u00e9n\u00e9gal et Bayern Munich)<\/p>\n<p><strong>Joueuse de l\u2019ann\u00e9e <\/strong><\/p>\n<p>Asisat Oshoala (Nig\u00e9ria et FC Barcelone)<\/p>\n<p><strong>Joueuse interclubs de l\u2019ann\u00e9e <\/strong><\/p>\n<p>Evelyn Badu (Ghana &amp; Sekondi Hasaacas Ladies\/Alvaldsnes)<\/p>\n<p><strong>Joueur interclubs de l\u2019ann\u00e9e <\/strong><\/p>\n<p>Mohamed El Shenawy (\u00c9gypte et Al Ahly)<\/p>\n<p><strong>Jeune joueuse de l\u2019ann\u00e9e <\/strong><\/p>\n<p>Evelyn Badu (Ghana &amp; Sekondi Hasaacas Ladies\/Alvaldsnes)<\/p>\n<p><strong>Jeune joueur de l\u2019ann\u00e9e <\/strong><\/p>\n<p>Pape Matar Sarr (S\u00e9n\u00e9gal et Tottenham Hotspur)<\/p>\n<p><strong>Entra\u00eeneur de l\u2019ann\u00e9e (femmes)<\/strong><\/p>\n<p>D\u00e9sir\u00e9e Ellis (Afrique du Sud)<\/p>\n<p><strong>Entra\u00eeneur de l\u2019ann\u00e9e (hommes)<\/strong><\/p>\n<p>Aliou Ciss\u00e9 (S\u00e9n\u00e9gal)<\/p>\n<p><strong>Club de l\u2019ann\u00e9e (femmes)<\/strong><\/p>\n<p>Mamelodi Sundowns (Afrique du Sud)<\/p>\n<p><strong>Club de l\u2019ann\u00e9e (hommes)<\/strong><\/p>\n<p>Wydad Athletic Club (Maroc)<\/p>\n<p><strong>\u00c9quipe nationale de l\u2019ann\u00e9e (hommes)<\/strong><\/p>\n<p>S\u00e9n\u00e9gal<\/p>\n<p><strong>But de l\u2019ann\u00e9e<\/strong><\/p>\n<p>Pape Ousmane Sakho (S\u00e9n\u00e9gal &amp; Simba)<\/p>\n<p><strong>Source\u00a0: CAF <\/strong><\/p>\n<\/div>\n<p>Auteur: Wamini SIDWAYA<br \/>\n<a href=\"https:\/\/www.sidwaya.info\/blog\/2022\/07\/22\/caf-awards-2022-sadio-mane-et-le-senegal-au-sommet-du-football-africain\/\">Cliquez ici pour lire l&rsquo;article depuis sa source.<\/a><\/p>\n","protected":false},"excerpt":{"rendered":"<p>Le S\u00e9n\u00e9gal est au sommet du football africain. Cette supr\u00e9matie a \u00e9t\u00e9 confirm\u00e9e, le jeudi 21 juillet au Centre Technique Mohamed VI \u00e0 Rabat au Maroc, lors des CAF Awards. Cette ann\u00e9e, le titre de Joueur africain de l\u2019ann\u00e9e (Ballon d\u2019or) a \u00e9t\u00e9 remport\u00e9 par le capitaine des Lions de la Teranga et soci\u00e9taire du [&hellip;]<\/p>\n","protected":false},"author":1816,"featured_media":0,"comment_status":"closed","ping_status":"closed","sticky":false,"template":"","format":"standard","meta":{"fifu_image_url":"","fifu_image_alt":"","footnotes":""},"categories":[73,81],"tags":[],"class_list":["post-153194","post","type-post","status-publish","format-standard","hentry","category-actualite","category-burkina-faso"],"_links":{"self":[{"href":"https:\/\/linitiative.ca\/International\/wp-json\/wp\/v2\/posts\/153194","targetHints":{"allow":["GET"]}}],"collection":[{"href":"https:\/\/linitiative.ca\/International\/wp-json\/wp\/v2\/posts"}],"about":[{"href":"https:\/\/linitiative.ca\/International\/wp-json\/wp\/v2\/types\/post"}],"author":[{"embeddable":true,"href":"https:\/\/linitiative.ca\/International\/wp-json\/wp\/v2\/users\/1816"}],"replies":[{"embeddable":true,"href":"https:\/\/linitiative.ca\/International\/wp-json\/wp\/v2\/comments?post=153194"}],"version-history":[{"count":0,"href":"https:\/\/linitiative.ca\/International\/wp-json\/wp\/v2\/posts\/153194\/revisions"}],"wp:attachment":[{"href":"https:\/\/linitiative.ca\/International\/wp-json\/wp\/v2\/media?parent=153194"}],"wp:term":[{"taxonomy":"category","embeddable":true,"href":"https:\/\/linitiative.ca\/International\/wp-json\/wp\/v2\/categories?post=153194"},{"taxonomy":"post_tag","embeddable":true,"href":"https:\/\/linitiative.ca\/International\/wp-json\/wp\/v2\/tags?post=153194"}],"curies":[{"name":"wp","href":"https:\/\/api.w.org\/{rel}","templated":true}]}}