{"id":153195,"date":"2022-07-22T08:17:16","date_gmt":"2022-07-22T12:17:16","guid":{"rendered":"https:\/\/linitiative.ca\/International\/cooperation-arabie-saoudite-burkina-faso-lambassadeur-saoudien-senquiert-de-la-situation-humanitaire\/"},"modified":"2022-07-22T08:17:16","modified_gmt":"2022-07-22T12:17:16","slug":"cooperation-arabie-saoudite-burkina-faso-lambassadeur-saoudien-senquiert-de-la-situation-humanitaire","status":"publish","type":"post","link":"https:\/\/linitiative.ca\/International\/cooperation-arabie-saoudite-burkina-faso-lambassadeur-saoudien-senquiert-de-la-situation-humanitaire\/","title":{"rendered":"Coop\u00e9ration Arabie saoudite-Burkina Faso : L\u2019ambassadeur saoudien s\u2019enquiert de la situation humanitaire"},"content":{"rendered":"<div>\n<p>L\u2019ambassadeur du royaume d\u2019Arabie saoudite au Burkina, Fahad Aldosari, a rendu une visite de courtoisie au ministre de la solidarit\u00e9 nationale et de l\u2019action humanitaire, Lazare Zoungrana, le jeudi 21 juillet 2022, \u00e0 Ouagadougou.<\/p>\n<p>Au regard de la crise humanitaire que vit le Burkina Faso avec ses nombreux d\u00e9plac\u00e9s internes, le royaume d\u2019Arabie saoudite veut s\u2019enqu\u00e9rir de la r\u00e9alit\u00e9 de la situation.<\/p>\n<p>A ce titre l\u2019ambassadeur saoudien au pays des Hommes int\u00e8gres, Fahad Aldosari, s\u2019est entretenu avec le ministre de la solidarit\u00e9 nationale et de l\u2019action humanitaire, Lazare Zoungrana, le jeudi 21 juillet 2022, \u00e0 Ouagadougou.<\/p>\n<p>Les deux personnalit\u00e9s ont discut\u00e9 des moyens de renforcer la coop\u00e9ration dans les domaines de secours et des \u0153uvres humanitaires entre l\u2019Arabie Saoudite au Burkina Faso.<\/p>\n<p>Le ministre a \u00e9difi\u00e9 son h\u00f4te sur l\u2019ampleur de la crise humanitaire dont le nombre de personnes d\u00e9plac\u00e9es internes s\u2019\u00e9l\u00e8ve \u00e0 plus de deux millions. L\u2019Arabie saoudite, \u00e0 travers le Centre du Roi Salman pour les \u0153uvres humanitaires et le secours, apporte r\u00e9guli\u00e8rement une aide pr\u00e9cieuse au profit des personnes vuln\u00e9rables au Burkina.<\/p>\n<p>Le diplomate saoudien, Fahad Aldosari, a dit prendre bonne note de la situation humanitaire et a r\u00e9affirm\u00e9 le soutien de son pays aux c\u00f4t\u00e9s du Burkina Faso. Au cours de leurs \u00e9changes, le ministre et son h\u00f4te ont \u00e9voqu\u00e9 \u00e9galement la coop\u00e9ration bilat\u00e9rale entre les deux pays.<\/p>\n<p>Une coop\u00e9ration qui se raffermit au fil du temps dans plusieurs domaines.<\/p>\n<p><strong>Karim BADOLO<\/strong><\/p>\n<\/div>\n<p>Auteur: Wamini SIDWAYA<br \/>\n<a href=\"https:\/\/www.sidwaya.info\/blog\/2022\/07\/22\/cooperation-arabie-saoudite-burkina-faso-lambassadeur-saoudien-senquiert-de-la-situation-humanitaire\/\">Cliquez ici pour lire l&rsquo;article depuis sa source.<\/a><\/p>\n","protected":false},"excerpt":{"rendered":"<p>L\u2019ambassadeur du royaume d\u2019Arabie saoudite au Burkina, Fahad Aldosari, a rendu une visite de courtoisie au ministre de la solidarit\u00e9 nationale et de l\u2019action humanitaire, Lazare Zoungrana, le jeudi 21 juillet 2022, \u00e0 Ouagadougou. Au regard de la crise humanitaire que vit le Burkina Faso avec ses nombreux d\u00e9plac\u00e9s internes, le royaume d\u2019Arabie saoudite veut [&hellip;]<\/p>\n","protected":false},"author":1816,"featured_media":0,"comment_status":"closed","ping_status":"closed","sticky":false,"template":"","format":"standard","meta":{"fifu_image_url":"","fifu_image_alt":"","footnotes":""},"categories":[73,81],"tags":[],"class_list":["post-153195","post","type-post","status-publish","format-standard","hentry","category-actualite","category-burkina-faso"],"_links":{"self":[{"href":"https:\/\/linitiative.ca\/International\/wp-json\/wp\/v2\/posts\/153195","targetHints":{"allow":["GET"]}}],"collection":[{"href":"https:\/\/linitiative.ca\/International\/wp-json\/wp\/v2\/posts"}],"about":[{"href":"https:\/\/linitiative.ca\/International\/wp-json\/wp\/v2\/types\/post"}],"author":[{"embeddable":true,"href":"https:\/\/linitiative.ca\/International\/wp-json\/wp\/v2\/users\/1816"}],"replies":[{"embeddable":true,"href":"https:\/\/linitiative.ca\/International\/wp-json\/wp\/v2\/comments?post=153195"}],"version-history":[{"count":0,"href":"https:\/\/linitiative.ca\/International\/wp-json\/wp\/v2\/posts\/153195\/revisions"}],"wp:attachment":[{"href":"https:\/\/linitiative.ca\/International\/wp-json\/wp\/v2\/media?parent=153195"}],"wp:term":[{"taxonomy":"category","embeddable":true,"href":"https:\/\/linitiative.ca\/International\/wp-json\/wp\/v2\/categories?post=153195"},{"taxonomy":"post_tag","embeddable":true,"href":"https:\/\/linitiative.ca\/International\/wp-json\/wp\/v2\/tags?post=153195"}],"curies":[{"name":"wp","href":"https:\/\/api.w.org\/{rel}","templated":true}]}}