{"id":153198,"date":"2022-07-22T12:10:25","date_gmt":"2022-07-22T16:10:25","guid":{"rendered":"https:\/\/linitiative.ca\/International\/police-nationale-878-nouveaux-agents-agents-rejoignent-les-rangs-pour-le-renouveau-securitaire\/"},"modified":"2022-07-22T12:10:25","modified_gmt":"2022-07-22T16:10:25","slug":"police-nationale-878-nouveaux-agents-agents-rejoignent-les-rangs-pour-le-renouveau-securitaire","status":"publish","type":"post","link":"https:\/\/linitiative.ca\/International\/police-nationale-878-nouveaux-agents-agents-rejoignent-les-rangs-pour-le-renouveau-securitaire\/","title":{"rendered":"Police nationale : 878 nouveaux agents agents rejoignent les rangs pour le \u00ab\u00a0Renouveau s\u00e9curitaire\u00a0\u00bb"},"content":{"rendered":"<div>\n<p>Le Premier ministre Albert Ouedraogo a pr\u00e9sid\u00e9 ce vendredi 22 juillet 2012, la c\u00e9r\u00e9monie de sortie de la 51e promotion de l\u2019Ecole nationale de police (ENP). Une c\u00e9r\u00e9monie plac\u00e9e sous le th\u00e8me \u00ab La contribution de l\u2019Ecole Nationale de Police \u00e0 la lutte contre le terrorisme et la restauration de l\u2019int\u00e9grit\u00e9 territoriale\u00bb.<\/p>\n<p>Les 878 nouveaux policiers ont eu pour nom de bapt\u00eame, \u00ab Renouveau s\u00e9curitaire \u00bb. Un choix qui \u00ab cadre bien avec les difficult\u00e9s auxquelles nous sommes confront\u00e9s\u00bb, de l\u2019avis du premier ministre. Albert Ou\u00e9draogo a donc f\u00e9licit\u00e9 et encourag\u00e9 ces nouvelles comp\u00e9tences dans les rangs de la Police nationale.<\/p>\n<p>Selon Oumarou Songn\u00e9, directeur de l\u2019ENP, cet effectif est le plus petit depuis les recrutements exceptionnels, ce qui ne fait pas d\u2019eux cependant \u00ab les plus petits policiers \u00bb. Il s\u2019est dit fier de les mettre \u00e0 la disposition du minist\u00e8re de la s\u00e9curit\u00e9.<\/p>\n<figure id=\"attachment_52681\" aria-describedby=\"caption-attachment-52681\" style=\"width: 696px\" class=\"wp-caption alignnone\"><img loading=\"lazy\" decoding=\"async\" data-attachment-id=\"52681\" data-permalink=\"https:\/\/www.sidwaya.info\/blog\/2022\/07\/22\/police-nationale-878-nouveaux-securitaires-rejoignent-les-rangs\/whatsapp-image-2022-07-22-at-15-53-10\/\" data-orig-file=\"https:\/\/i0.wp.com\/www.sidwaya.info\/wp-content\/uploads\/2022\/07\/WhatsApp-Image-2022-07-22-at-15.53.10-e1658506007201.jpeg?fit=624%2C259&amp;ssl=1\" data-orig-size=\"624,259\" data-comments-opened=\"1\" data-image-meta='{\"aperture\":\"0\",\"credit\":\"\",\"camera\":\"\",\"caption\":\"\",\"created_timestamp\":\"0\",\"copyright\":\"\",\"focal_length\":\"0\",\"iso\":\"0\",\"shutter_speed\":\"0\",\"title\":\"\",\"orientation\":\"0\"}' data-image-title=\"\" data-image-description=\"\" data-image-caption=\"&lt;p&gt;Les \u00e9l\u00e8ves officiers montrent qu\u2019ils sont aptes \u00e0 servir la nation \u00e0 travers une d\u00e9monstration de combat militaire. \u00a9 : Hernan Armel Sawadogo pour Sidwaya.info. Editions Sidwaya&lt;\/p&gt;\n\" data-medium-file=\"https:\/\/i0.wp.com\/www.sidwaya.info\/wp-content\/uploads\/2022\/07\/WhatsApp-Image-2022-07-22-at-15.53.10-e1658506007201.jpeg?fit=300%2C125&amp;ssl=1\" data-large-file=\"https:\/\/i0.wp.com\/www.sidwaya.info\/wp-content\/uploads\/2022\/07\/WhatsApp-Image-2022-07-22-at-15.53.10-e1658506007201.jpeg?fit=696%2C328&amp;ssl=1\" class=\"size-large wp-image-52681\" src=\"https:\/\/i0.wp.com\/www.sidwaya.info\/wp-content\/uploads\/2022\/07\/WhatsApp-Image-2022-07-22-at-15.53.10.jpeg?resize=696,328&amp;ssl=1\" alt=\"\" width=\"696\" height=\"328\" data-recalc-dims=\"1\"><figcaption id=\"caption-attachment-52681\" class=\"wp-caption-text\"><strong>Les \u00e9l\u00e8ves officiers montrent qu\u2019ils sont aptes \u00e0 servir la nation \u00e0 travers une d\u00e9monstration de combat militaire. \u00a9 : Hernan Armel Sawadogo pour Sidwaya.info. Editions Sidwaya<\/strong><\/figcaption><\/figure>\n<p>Cette 51e promotion a pour parrain, Mahamadi Sawadogo plus connu sous le nom de \u00ab Kadhafi \u00bb. En sa qualit\u00e9 donc de parrain, il a prodigu\u00e9 des conseils \u00e0 ses filleuls.<\/p>\n<p>\u00ab Mes conseils \u00e0 votre endroit se r\u00e9sument \u00e0 la discipline, \u00e0 l\u2019honneur et la haute id\u00e9e que vous devez avoir de votre profession. \u00bb, leur a-t-il d\u00e9clar\u00e9.<\/p>\n<p>Propos partag\u00e9s par le ministre de l\u2019Administration territoriale, de la D\u00e9centralisation et de la S\u00e9curit\u00e9, le Colonel-major Omer Bationo qui leur a aussi demand\u00e9 d\u2019accomplir leur mission avec probit\u00e9, honneur et le sens du devoir qu\u2019exige leur profession dans \u00ab un environnement national et sous r\u00e9gional perturb\u00e9 par des actes de grand banditisme et de terrorisme qui ne favorisent pas toujours l\u2019instauration d\u2019un climat apais\u00e9. \u00bb<\/p>\n<p>Quant \u00e0 lui, le d\u00e9l\u00e9gu\u00e9 des \u00e9l\u00e8ves sortants Talouda Sawadogo a remerci\u00e9 l\u2019ensemble des formateurs pour la qualit\u00e9 de la formation re\u00e7ue et a tenu \u00e0 rassurer les autorit\u00e9s sur le fait que \u00ab la promotion sortante ne constitue pas un suppl\u00e9ment d\u2019effectif, mais plut\u00f4t une comp\u00e9tence op\u00e9rationnelle pour les entit\u00e9s respectives. \u00bb<\/p>\n<p>Ils se sont ainsi engag\u00e9s \u00e0 travailler avec professionnalisme afin de faire face \u00e0 l\u2019ins\u00e9curit\u00e9 sous toutes ses formes. Il a ensuite le transmit le flambeau a la g\u00e9n\u00e9ration suivante qui a donn\u00e9 son accord pour maintenir haut ce flambeau pour les ann\u00e9es \u00e0 venir.<\/p>\n<p>La c\u00e9r\u00e9monie a donn\u00e9 lieu \u00e0 un d\u00e9fil\u00e9 de diff\u00e9rents corps d\u2019arm\u00e9es, des d\u00e9monstrations de combats et la plantation d\u2019un arbre par le Premier ministre.<\/p>\n<p><strong>Moussa KAYDA<\/strong><br \/>\nStagiaire<\/p>\n<\/div>\n<p>Auteur: Wamini SIDWAYA<br \/>\n<a href=\"https:\/\/www.sidwaya.info\/blog\/2022\/07\/22\/police-nationale-878-nouveaux-securitaires-rejoignent-les-rangs\/\">Cliquez ici pour lire l&rsquo;article depuis sa source.<\/a><\/p>\n","protected":false},"excerpt":{"rendered":"<p>Le Premier ministre Albert Ouedraogo a pr\u00e9sid\u00e9 ce vendredi 22 juillet 2012, la c\u00e9r\u00e9monie de sortie de la 51e promotion de l\u2019Ecole nationale de police (ENP). Une c\u00e9r\u00e9monie plac\u00e9e sous le th\u00e8me \u00ab La contribution de l\u2019Ecole Nationale de Police \u00e0 la lutte contre le terrorisme et la restauration de l\u2019int\u00e9grit\u00e9 territoriale\u00bb. Les 878 nouveaux [&hellip;]<\/p>\n","protected":false},"author":1816,"featured_media":0,"comment_status":"closed","ping_status":"closed","sticky":false,"template":"","format":"standard","meta":{"fifu_image_url":"https:\/\/i0.wp.com\/www.sidwaya.info\/wp-content\/uploads\/2022\/07\/WhatsApp-Image-2022-07-22-at-15.53.10.jpeg?resize=696,328&ssl=1","fifu_image_alt":"Police nationale : 878 nouveaux agents agents rejoignent les rangs pour le \u00ab\u00a0Renouveau s\u00e9curitaire\u00a0\u00bb","footnotes":""},"categories":[73,81],"tags":[],"class_list":["post-153198","post","type-post","status-publish","format-standard","hentry","category-actualite","category-burkina-faso"],"_links":{"self":[{"href":"https:\/\/linitiative.ca\/International\/wp-json\/wp\/v2\/posts\/153198","targetHints":{"allow":["GET"]}}],"collection":[{"href":"https:\/\/linitiative.ca\/International\/wp-json\/wp\/v2\/posts"}],"about":[{"href":"https:\/\/linitiative.ca\/International\/wp-json\/wp\/v2\/types\/post"}],"author":[{"embeddable":true,"href":"https:\/\/linitiative.ca\/International\/wp-json\/wp\/v2\/users\/1816"}],"replies":[{"embeddable":true,"href":"https:\/\/linitiative.ca\/International\/wp-json\/wp\/v2\/comments?post=153198"}],"version-history":[{"count":0,"href":"https:\/\/linitiative.ca\/International\/wp-json\/wp\/v2\/posts\/153198\/revisions"}],"wp:attachment":[{"href":"https:\/\/linitiative.ca\/International\/wp-json\/wp\/v2\/media?parent=153198"}],"wp:term":[{"taxonomy":"category","embeddable":true,"href":"https:\/\/linitiative.ca\/International\/wp-json\/wp\/v2\/categories?post=153198"},{"taxonomy":"post_tag","embeddable":true,"href":"https:\/\/linitiative.ca\/International\/wp-json\/wp\/v2\/tags?post=153198"}],"curies":[{"name":"wp","href":"https:\/\/api.w.org\/{rel}","templated":true}]}}