{"id":153200,"date":"2022-07-22T11:02:32","date_gmt":"2022-07-22T15:02:32","guid":{"rendered":"https:\/\/linitiative.ca\/International\/cameroun-comment-moderniser-loutil-de-production-de-lentreprenariat\/"},"modified":"2022-07-22T11:02:32","modified_gmt":"2022-07-22T15:02:32","slug":"cameroun-comment-moderniser-loutil-de-production-de-lentreprenariat","status":"publish","type":"post","link":"https:\/\/linitiative.ca\/International\/cameroun-comment-moderniser-loutil-de-production-de-lentreprenariat\/","title":{"rendered":"Cameroun : comment moderniser l\u2019outil de production de l\u2019entreprenariat"},"content":{"rendered":"<div>\n<p><img decoding=\"async\" width=\"350\" height=\"167\" src=\"https:\/\/linitiative.ca\/International\/wp-content\/uploads\/sites\/23\/2022\/07\/Achille-Bassilekin-III-lors-de-laudience-avec-le-representant-de-lOnudi.jpg\" class=\"attachment-post-thumbnail size-post-thumbnail wp-post-image\" alt=\"\" loading=\"lazy\" srcset=\"https:\/\/linitiative.ca\/International\/wp-content\/uploads\/sites\/23\/2022\/07\/Achille-Bassilekin-III-lors-de-laudience-avec-le-representant-de-lOnudi.jpg 350w, https:\/\/www.journalducameroun.com\/wp-content\/uploads\/2022\/07\/Achille-Bassilekin-III-lors-de-laudience-avec-le-representant-de-lOnudi-300x143.jpg 300w\" sizes=\"auto, (max-width: 350px) 100vw, 350px\"><\/p>\n<h2 style=\"text-align: justify;\"><strong>Le ministre des PME, Achille Bassilekin III, a re\u00e7u en audience le 19 juillet dernier, une mission de l\u2019Organisation des Nations Unies pour le d\u00e9veloppement industriel. <\/strong><\/h2>\n<p style=\"text-align: justify;\">Une d\u00e9l\u00e9gation de l\u2019Organisation des Nations Unies pour le d\u00e9veloppement industriel (ONUDI) a \u00e9t\u00e9 re\u00e7ue le 19 juillet dernier \u00e0 Yaound\u00e9 par Achille Bassilekin III, ministre des Petites et moyennes entreprises, de l\u2019Economie Sociale et de l\u2019Artisanat (MINPMEESA). L\u2019\u00e9quipe de l\u2019ONUDI \u00e9tait conduite par Ridah Ben Mosbah, ancien ministre tunisien de l\u2019industrie et des PME.<\/p>\n<p style=\"text-align: justify;\">Cette s\u00e9ance de travail s\u2019inscrivait dans la poursuite du processus de mise en \u0153uvre des projets de coop\u00e9ration engag\u00e9s par le MINPMEESA avec l\u2019appui de cette organisation onusienne. Lors des \u00e9changes, il a \u00e9t\u00e9 question de pr\u00e9senter au ministre les conclusions de l\u2019\u00e9tude sur d\u00e9veloppement institutionnel du Bureau de Mise \u00e0 Niveau des entreprises camerounaises (BMN).<\/p>\n<p style=\"text-align: justify;\"><em>\u00ab\u00a0nous avons formuler un certain nombre de recommandations pour l\u2019\u00e9volution de cette structure afin d\u2019am\u00e9liorer sa performance et la qualit\u00e9 des services qu\u2019elle rend aux entreprises et mieux dans l\u2019\u00e9cosyst\u00e8me des institutions d\u2019appui au secteur priv\u00e9 de mani\u00e8re \u00e0 \u00eatre r\u00e9ellement un acteur majeur dans la strat\u00e9gie faiti\u00e8re de la transformation structurelle\u00a0\u00bb,<\/em> a d\u00e9clar\u00e9 Ridah Ben Mosbah. Ledit pilier ambitionne de moderniser l\u2019outil de production, capter la valeur ajout\u00e9e, valoriser les ressources naturelles.<\/p>\n<p style=\"text-align: justify;\">A en croire Cameroon tribune, la collaboration entre le minist\u00e8re des PME et l\u2019ONUDI, a d\u00e9j\u00e0 la r\u00e9alisation de certains projets, notamment financement de l\u2019\u00e9tude que la gestion des pertes post-et r\u00e9coltes qui\u00a0 a conduit \u00e0 la construction des centres de transformation agroalimentaire\u00a0; l\u2019accompagnement de la Bourse de sous-traitance et de partenariat dans sa phase de d\u00e9marrage avec la mise \u00e0 disposition d\u2019experts dans la p\u00e9riode 2012-2016 pour le partage des bonnes pratiques. Il y a aussi la mise en place du Centre de la petite hydro\u00e9lectricit\u00e9 de l\u2019Ecole nationale polytechnique de Yaound\u00e9.<\/p>\n<p>\u00a0<\/p>\n<p>\u00a0<\/p>\n<p>Cet article <a rel=\"nofollow\" href=\"https:\/\/www.journalducameroun.com\/cameroun-comment-moderniser-loutil-de-production-de-lentreprenariat\/\">Cameroun : comment moderniser l\u2019outil de production de l\u2019entreprenariat<\/a> est apparu en premier sur <a rel=\"nofollow\" href=\"https:\/\/www.journalducameroun.com\/\">Journal du Cameroun<\/a>.<\/p>\n<\/div>\n<p>Auteur: Emile Zola Nd\u00e9 Tchoussi<br \/>\n<a href=\"https:\/\/www.journalducameroun.com\/cameroun-comment-moderniser-loutil-de-production-de-lentreprenariat\/\">Cliquez ici pour lire l&rsquo;article depuis sa source.<\/a><\/p>\n","protected":false},"excerpt":{"rendered":"<p>Le ministre des PME, Achille Bassilekin III, a re\u00e7u en audience le 19 juillet dernier, une mission de l\u2019Organisation des Nations Unies pour le d\u00e9veloppement industriel. Une d\u00e9l\u00e9gation de l\u2019Organisation des Nations Unies pour le d\u00e9veloppement industriel (ONUDI) a \u00e9t\u00e9 re\u00e7ue le 19 juillet dernier \u00e0 Yaound\u00e9 par Achille Bassilekin III, ministre des Petites et [&hellip;]<\/p>\n","protected":false},"author":1965,"featured_media":0,"comment_status":"closed","ping_status":"closed","sticky":false,"template":"","format":"standard","meta":{"fifu_image_url":"https:\/\/www.journalducameroun.com\/wp-content\/uploads\/2022\/07\/Achille-Bassilekin-III-lors-de-laudience-avec-le-representant-de-lOnudi.jpg","fifu_image_alt":"Cameroun : comment moderniser l\u2019outil de production de l\u2019entreprenariat","footnotes":""},"categories":[73,82],"tags":[],"class_list":["post-153200","post","type-post","status-publish","format-standard","hentry","category-actualite","category-cameroun"],"_links":{"self":[{"href":"https:\/\/linitiative.ca\/International\/wp-json\/wp\/v2\/posts\/153200","targetHints":{"allow":["GET"]}}],"collection":[{"href":"https:\/\/linitiative.ca\/International\/wp-json\/wp\/v2\/posts"}],"about":[{"href":"https:\/\/linitiative.ca\/International\/wp-json\/wp\/v2\/types\/post"}],"author":[{"embeddable":true,"href":"https:\/\/linitiative.ca\/International\/wp-json\/wp\/v2\/users\/1965"}],"replies":[{"embeddable":true,"href":"https:\/\/linitiative.ca\/International\/wp-json\/wp\/v2\/comments?post=153200"}],"version-history":[{"count":0,"href":"https:\/\/linitiative.ca\/International\/wp-json\/wp\/v2\/posts\/153200\/revisions"}],"wp:attachment":[{"href":"https:\/\/linitiative.ca\/International\/wp-json\/wp\/v2\/media?parent=153200"}],"wp:term":[{"taxonomy":"category","embeddable":true,"href":"https:\/\/linitiative.ca\/International\/wp-json\/wp\/v2\/categories?post=153200"},{"taxonomy":"post_tag","embeddable":true,"href":"https:\/\/linitiative.ca\/International\/wp-json\/wp\/v2\/tags?post=153200"}],"curies":[{"name":"wp","href":"https:\/\/api.w.org\/{rel}","templated":true}]}}