{"id":153202,"date":"2022-07-22T11:13:11","date_gmt":"2022-07-22T15:13:11","guid":{"rendered":"https:\/\/linitiative.ca\/International\/cameroun-la-zlecaf-represente-une-grande-opportunite-pour-les-pme-camerounaises-joel-sikam\/"},"modified":"2022-07-22T11:13:11","modified_gmt":"2022-07-22T15:13:11","slug":"cameroun-la-zlecaf-represente-une-grande-opportunite-pour-les-pme-camerounaises-joel-sikam","status":"publish","type":"post","link":"https:\/\/linitiative.ca\/International\/cameroun-la-zlecaf-represente-une-grande-opportunite-pour-les-pme-camerounaises-joel-sikam\/","title":{"rendered":"Cameroun : \u201cLa ZLECAF repr\u00e9sente une grande opportunit\u00e9 pour les PME camerounaises\u201d Joel SIKAM"},"content":{"rendered":"<div>\n<p><img decoding=\"async\" width=\"533\" height=\"533\" src=\"https:\/\/linitiative.ca\/International\/wp-content\/uploads\/sites\/23\/2022\/07\/Joel_Sikam16072021-1.jpg\" class=\"attachment-post-thumbnail size-post-thumbnail wp-post-image\" alt=\"\" loading=\"lazy\" srcset=\"https:\/\/linitiative.ca\/International\/wp-content\/uploads\/sites\/23\/2022\/07\/Joel_Sikam16072021-1.jpg 533w, https:\/\/www.journalducameroun.com\/wp-content\/uploads\/2022\/07\/Joel_Sikam16072021-1-300x300.jpg 300w, https:\/\/www.journalducameroun.com\/wp-content\/uploads\/2022\/07\/Joel_Sikam16072021-1-150x150.jpg 150w, https:\/\/www.journalducameroun.com\/wp-content\/uploads\/2022\/07\/Joel_Sikam16072021-1-440x440.jpg 440w, https:\/\/www.journalducameroun.com\/wp-content\/uploads\/2022\/07\/Joel_Sikam16072021-1-60x60.jpg 60w, https:\/\/www.journalducameroun.com\/wp-content\/uploads\/2022\/07\/Joel_Sikam16072021-1-100x100.jpg 100w\" sizes=\"auto, (max-width: 533px) 100vw, 533px\"><\/p>\n<h2 style=\"text-align: justify;\">\u00a0Joel SIKAM, promoteur de FISCO SARL et pr\u00e9sident du Centre de d\u00e9veloppement de la PME au Gicam parle de l\u2019opportunit\u00e9 que repr\u00e9sente la Zone de libre-\u00e9change continentale africaine pour l\u2019entreprise camerounaise mais aussi du made in Cameroon.<\/h2>\n<p style=\"text-align: justify;\"><strong>\u00a0<\/strong><\/p>\n<p style=\"text-align: justify;\"><strong>Vous avez la charge du D\u00e9veloppement de la PME au sein du GICAM. Cela vous donne assur\u00e9ment une id\u00e9e globale des d\u00e9fis et perspectives pour la PME locale. Et si on parlait de la ZLECAF, quelles sont les opportunit\u00e9s que cette zone de libre-\u00e9change pourrait apporter aux PMEs locales ? <\/strong><\/p>\n<p style=\"text-align: justify;\">Il faut rappeler d\u2019entr\u00e9e de jeu que le secteur priv\u00e9 reste et demeure le moteur de la croissance, car cr\u00e9ateur de richesses et pourvoyeur d\u2019emplois. Et dans le cas du Cameroun les PME p\u00e8sent \u00e0 elles seules un peu plus de 80% du tissu \u00e9conomique national\u00a0: ce qui n\u2019est pas n\u00e9gligeable.<\/p>\n<p style=\"text-align: justify;\">La ZLECAF repr\u00e9sente une grande opportunit\u00e9 pour les PMEs dans ce sens qu\u2019elle permettrait d\u2019\u00e9radiquer un certain nombre de maux de par ses missions de consolidation et de renforcement des \u00e9changes entre les \u00e9conomies du Continent en facilitant la circulation des biens et services, des personnes et des capitaux.<\/p>\n<p style=\"text-align: justify;\">Le processus d\u2019int\u00e9gration r\u00e9gionale en Afrique, est en panne et il faut le souligner\u00a0: l\u2019Afrique est le continent le plus morcel\u00e9 au monde et qui \u00e9change le moins avec lui-m\u00eame. Le commerce intra africain repr\u00e9sente en effet moins de 15 % des \u00e9changes formels, quand ailleurs, ce taux est nettement plus \u00e9lev\u00e9\u00a0: en Europe il est de 67% et en Asie, de 60%. Nous avons donc du chemin \u00e0 faire.<\/p>\n<p style=\"text-align: justify;\">La ZLECAF offre un march\u00e9 de plus de 1,2 milliards d\u2019individus, avec un PIB cumul\u00e9 d\u2019environ $ US 2500 milliards, mais pour en b\u00e9n\u00e9ficier il est temps de sortir de certaines torpeurs, notamment des canaux informels et des m\u00e9canismes obsol\u00e8tes.<\/p>\n<p style=\"text-align: justify;\">Par ailleurs, nous devons faire le triste constat selon lequel la plupart des pays africains appartiennent \u00e0 plusieurs organisations r\u00e9gionales ou sous-r\u00e9gionales qui appliquent tr\u00e8s souvent des r\u00e9gimes commerciaux diff\u00e9rents, ce qui contribue \u00e0 augmenter le co\u00fbt des transactions commerciales et \u00e0 d\u00e9courager les \u00e9changes entre les communaut\u00e9s.<\/p>\n<p style=\"text-align: justify;\">Justement, au niveau des PME, nous saluons le succ\u00e8s de cette initiative au plan institutionnel et nous croyons qu\u2019il faut poursuivre les efforts d\u2019impl\u00e9mentation qui permettront justement de faciliter, harmoniser et mieux coordonner les politiques commerciales en Afrique et \u00e9liminer les probl\u00e8mes li\u00e9s au cumul des accords commerciaux sur le continent.<\/p>\n<p style=\"text-align: justify;\"><strong>Au moment o\u00f9 la d\u00e9pendance du Cameroun aux importations a encore \u00e9t\u00e9 d\u00e9montr\u00e9e avec le conflit Russo-Ukrainien, on peut se demander o\u00f9 est finalement le Made in Cameroon ? N\u2019est-ce pas le moment de valoriser plus que jamais les produits qui portent ce label ? <\/strong><\/p>\n<p style=\"text-align: justify;\">Juste un rappel historique pour dire qu\u2019il ne s\u2019agit pas seulement du Cameroun, mais d\u2019une vision partag\u00e9e et traduite dans ce qu\u2019on a appel\u00e9 la division internationale du travail qui, sur le plan strat\u00e9gique, a condamn\u00e9 la plupart des pays africains \u00e0 produire ce que leurs populations ne consomment pas et \u00e0 consommer ce qu\u2019ils ne produisent pas. Vous comprenez que derri\u00e8re tout \u00e7a on touche \u00e0 la balance des paiements et \u00e0 l\u2019acc\u00e8s aux devises.<\/p>\n<p style=\"text-align: justify;\">Aujourd\u2019hui, \u00e0 la faveur de la guerre en Ukraine, le pi\u00e8ge s\u2019est referm\u00e9 sur nous \u00e0 cause d\u2019une forte d\u00e9pendance aux produits, intrants et semences venus d\u2019ailleurs.<\/p>\n<p style=\"text-align: justify;\">C\u2019est l\u2019occasion pour nous de nous r\u00e9inventer en optant pour une agriculture r\u00e9siliente, inclusive et territorialis\u00e9e pour \u00eatre en capacit\u00e9, sur le long terme de pouvoir faire face \u00e0 la prochaine crise.<\/p>\n<p style=\"text-align: justify;\">Ceci \u00e9tant, l\u2019\u00e9pisode de la pand\u00e9mie de la Covid-19 a donn\u00e9 l\u2019opportunit\u00e9 d\u2019organiser une forme de riposte qui a permis de mettre au grand jour l\u2019ing\u00e9niosit\u00e9 et le niveau de r\u00e9silience des acteurs du secteur priv\u00e9 pour amortir les chocs impos\u00e9s, cons\u00e9quences de cette crise sanitaire. Ce qui a permis aux pouvoirs publics et au secteur priv\u00e9 camerounais d\u2019envisager la relance de l\u2019\u00e9conomie en accordant une attention particuli\u00e8re aux acteurs du monde agricole \u00e0 travers des actions de soutien visant le renforcement de la production de nos riches territoires et puis mise en valeur par le GICAM.<\/p>\n<p style=\"text-align: justify;\">Ces efforts doivent se poursuivre pour favoriser l\u2019\u00e9mergence d\u2019une agriculture territorialis\u00e9e, comme nous l\u2019avons d\u00e9j\u00e0 dit, et c\u2019est l\u2019occasion d\u2019examiner les causes structurelles du d\u00e9fi actuel pour proposer des orientations adapt\u00e9es. De mani\u00e8re g\u00e9n\u00e9rique, il faudra r\u00e9gler la question du foncier, de l\u2019exploitation du sol, des techniques de production, d\u2019organisation des fili\u00e8res, de la commercialisation des produits, et bien \u00e9videmment du financement des activit\u00e9s avec pour objectif d\u2019assurer une forte comp\u00e9titivit\u00e9 \u00e0 la production locale.<\/p>\n<p style=\"text-align: justify;\">Ne l\u2019oublions pas\u00a0: l\u2019agriculture nourrit, l\u2019agriculture emploie\u00a0!<\/p>\n<p style=\"text-align: justify;\"><strong>Comment donner plus de force au Made in Cameroon en tant que v\u00e9ritable label qui pourrait \u00eatre port\u00e9 par les PMEs que vous connaissez si bien\u00a0?<\/strong><\/p>\n<p style=\"text-align: justify;\">J\u2019ai peur d\u2019utiliser un terme fort et peut-\u00eatre inopportun, mais je suis convaincu qu\u2019il ne serait pas superflu d\u2019organiser les \u00e9tats-g\u00e9n\u00e9raux du Made in Cameroon qui pourraient r\u00e9unir les repr\u00e9sentants de l\u2019Etat \u00e0 travers ses minist\u00e8res techniques concern\u00e9s, les acteurs des diff\u00e9rentes fili\u00e8res, les distributeurs, les associations de consommateurs\u2026 ceci permettrait de relever les obstacles et autres freins \u00e0 l\u2019\u00e9closion de ce pan de notre \u00e9conomie qui repr\u00e9sente une r\u00e9elle opportunit\u00e9 en termes de cha\u00eenes de valeurs, de niches d\u2019emplois et de recettes fiscales.<\/p>\n<p style=\"text-align: justify;\"><strong>Plusieurs \u00e9conomistes s\u2019accordent \u00e0 dire que l\u2019\u00e9conomie du Cameroun va tr\u00e8s mal. Que peuvent faire les PMEs dans une dynamique de relance de notre \u00e9conomie ?<\/strong><\/p>\n<p style=\"text-align: justify;\">Il faut retenir que le pr\u00e9sent et l\u2019avenir de l\u2019Afrique s\u2019\u00e9crivent avec l\u2019entreprise dans un cadre o\u00f9 l\u2019Etat doit jouer tout son r\u00f4le, en construisant un cadre s\u00e9curis\u00e9 pour l\u2019\u00e9panouissement de l\u2019entreprise qui est le principal pourvoyeur d\u2019emplois. Il faut le dire avec force conviction\u00a0!<\/p>\n<p style=\"text-align: justify;\">Un Etat ne se porte bien \u00e9conomiquement que lorsque les entreprises se portent bien, et ceci n\u2019est possible que lorsqu\u2019il y a du financement et ce financement ne peut exister que si l\u2019Etat cible correctement et avec constance ses objectifs partag\u00e9s. Cela induit l\u2019existence d\u2019un dialogue permanent et constructif entre l\u2019Etat et le secteur priv\u00e9.<\/p>\n<p style=\"text-align: justify;\">Un Etat conscient des enjeux ne tue pas la poule aux \u0153ufs d\u2019or, en cherchant \u00e0 maximiser \u00e0 tout prix et par tous les prix les recettes aux d\u00e9pends de l\u2019\u00e9panouissement des entreprises. On parle \u00e9videmment de fiscalit\u00e9 qui se doit d\u2019\u00eatre une fiscalit\u00e9 de d\u00e9veloppement qui favorise l\u2019installation de nouvelles entreprises par des mesures attractives, et attire \u00e0 la lumi\u00e8re celles qui ont choisi d\u2019exercer dans l\u2019informel pour des raisons diverses.<\/p>\n<p style=\"text-align: justify;\">L\u2019av\u00e8nement d\u2019un Etat-strat\u00e8ge ferait le bonheur de plus d\u2019un, avec une parfaite ma\u00eetrise de l\u2019organisation du cadre autour de la construction d\u2019infrastructures n\u00e9cessaires, de la fourniture de l\u2019eau et de l\u2019\u00e9nergie en qualit\u00e9 et en quantit\u00e9, et bien s\u00fbr de mise \u00e0 disposition de routes de l\u2019information \u00e0 niveau respectable.<\/p>\n<p style=\"text-align: justify;\">Si ces pr\u00e9alables sont remplis et des mesures d\u2019incitations cibl\u00e9es et sp\u00e9cifiques offertes, le secteur priv\u00e9 peut \u00e0 loisir se projeter en toute confiance sur le moyen et long terme. Et en reprenant l\u2019expression du GICAM\u00a0: faisons triompher l\u2019entreprise pour faire gagner le Cameroun\u00a0!<\/p>\n<p style=\"text-align: justify;\"><strong>Quel commentaire faites-vous sur le r\u00f4le r\u00e9serv\u00e9 aux PMEs dans la SND30 ? <\/strong><\/p>\n<p style=\"text-align: justify;\">Le SND30 est un document de strat\u00e9gie qui voit le jour apr\u00e8s le DSCE, lui-m\u00eame cons\u00e9cutif au DSRP. Sans vouloir verser dans le scepticisme, je crois qu\u2019il serait de bon ton qu\u2019une \u00e9valuation partag\u00e9e soit faite autour de ces pr\u00e9c\u00e9dents documents de r\u00e9f\u00e9rence. Comme on dit\u00a0: just wait and see\u00a0!<\/p>\n<p style=\"text-align: justify;\"><strong>Aujourd\u2019hui avez-vous l\u2019impression que les questions \u00e9cologiques pr\u00e9occupent les PME Camerounaises ? L\u2019\u00e9coresponsabilit\u00e9 est-elle une pr\u00e9occupation\u00a0?<\/strong><\/p>\n<p style=\"text-align: justify;\">On parle d\u2019industrialisation, et qui dit industrialisation dit besoins en \u00e9nergie. Nos m\u00e9nages et nos entreprises, depuis des ann\u00e9es subissent les cons\u00e9quences des multiples p\u00e9nuries en \u00e9nergies. Pourtant selon les experts internationaux et sources officielles provenant de notre \u00c9tat (champs gaziers aux larges de Kribi et celui de Logbaba \u00e0 Douala, la technologie Hydrog\u00e8ne pour ne citer que ceux-l\u00e0) notre pays, le Cameroun a \u00e9t\u00e9 reconnu par certaines multinationales comme \u00e9tant une zone \u00e0 fort potentiel.<\/p>\n<p style=\"text-align: justify;\">Depuis la COP 21, et le syst\u00e8me de taxe carbone nous avons encore une marge de man\u0153uvre assez importante sur tout ce qui est \u00e9nergie verte afin de pouvoir pleinement en profiter et transformer ces opportunit\u00e9s en manne financi\u00e8re.<\/p>\n<p style=\"text-align: justify;\">Mais au niveau \u00e9nerg\u00e9tique, nous devons absolument conjuguer avec des partenaires \u00e9trangers de premier ordre avant de pouvoir acqu\u00e9rir plus d\u2019exp\u00e9riences et aspirer \u00e0 l\u2019autonomie \u00e9nerg\u00e9tique.<\/p>\n<p style=\"text-align: justify;\">De mani\u00e8re globale, et selon une \u00e9tude, les entreprises camerounaises sont de plus en plus socialement responsables dans la mesure o\u00f9 les bonnes pratiques li\u00e9es \u00e0 la RSE constituent pour le moment une pratique \u00e9mergente, intuitive et non formalis\u00e9e. Conscients de l\u2019int\u00e9r\u00eat d\u2019un meilleur ancrage de celle-ci dans les plans d\u2019actions, les chefs d\u2019entreprises la per\u00e7oivent de plus en plus comme un vecteur de progr\u00e8s.<\/p>\n<p style=\"text-align: justify;\">\n<p>Cet article <a rel=\"nofollow\" href=\"https:\/\/www.journalducameroun.com\/cameroun-la-zlecaf-represente-une-grande-opportunite-pour-les-pme-camerounaises-joel-sikam\/\">Cameroun : \u201cLa ZLECAF repr\u00e9sente une grande opportunit\u00e9 pour les PME camerounaises\u201d Joel SIKAM<\/a> est apparu en premier sur <a rel=\"nofollow\" href=\"https:\/\/www.journalducameroun.com\/\">Journal du Cameroun<\/a>.<\/p>\n<\/div>\n<p>Auteur: Esther FOSSI<br \/>\n<a href=\"https:\/\/www.journalducameroun.com\/cameroun-la-zlecaf-represente-une-grande-opportunite-pour-les-pme-camerounaises-joel-sikam\/\">Cliquez ici pour lire l&rsquo;article depuis sa source.<\/a><\/p>\n","protected":false},"excerpt":{"rendered":"<p>\u00a0Joel SIKAM, promoteur de FISCO SARL et pr\u00e9sident du Centre de d\u00e9veloppement de la PME au Gicam parle de l\u2019opportunit\u00e9 que repr\u00e9sente la Zone de libre-\u00e9change continentale africaine pour l\u2019entreprise camerounaise mais aussi du made in Cameroon. \u00a0 Vous avez la charge du D\u00e9veloppement de la PME au sein du GICAM. Cela vous donne assur\u00e9ment [&hellip;]<\/p>\n","protected":false},"author":1965,"featured_media":0,"comment_status":"closed","ping_status":"closed","sticky":false,"template":"","format":"standard","meta":{"fifu_image_url":"https:\/\/www.journalducameroun.com\/wp-content\/uploads\/2022\/07\/Joel_Sikam16072021-1.jpg","fifu_image_alt":"Cameroun : \u201cLa ZLECAF repr\u00e9sente une grande opportunit\u00e9 pour les PME camerounaises\u201d Joel SIKAM","footnotes":""},"categories":[73,82],"tags":[],"class_list":["post-153202","post","type-post","status-publish","format-standard","hentry","category-actualite","category-cameroun"],"_links":{"self":[{"href":"https:\/\/linitiative.ca\/International\/wp-json\/wp\/v2\/posts\/153202","targetHints":{"allow":["GET"]}}],"collection":[{"href":"https:\/\/linitiative.ca\/International\/wp-json\/wp\/v2\/posts"}],"about":[{"href":"https:\/\/linitiative.ca\/International\/wp-json\/wp\/v2\/types\/post"}],"author":[{"embeddable":true,"href":"https:\/\/linitiative.ca\/International\/wp-json\/wp\/v2\/users\/1965"}],"replies":[{"embeddable":true,"href":"https:\/\/linitiative.ca\/International\/wp-json\/wp\/v2\/comments?post=153202"}],"version-history":[{"count":0,"href":"https:\/\/linitiative.ca\/International\/wp-json\/wp\/v2\/posts\/153202\/revisions"}],"wp:attachment":[{"href":"https:\/\/linitiative.ca\/International\/wp-json\/wp\/v2\/media?parent=153202"}],"wp:term":[{"taxonomy":"category","embeddable":true,"href":"https:\/\/linitiative.ca\/International\/wp-json\/wp\/v2\/categories?post=153202"},{"taxonomy":"post_tag","embeddable":true,"href":"https:\/\/linitiative.ca\/International\/wp-json\/wp\/v2\/tags?post=153202"}],"curies":[{"name":"wp","href":"https:\/\/api.w.org\/{rel}","templated":true}]}}