{"id":153208,"date":"2022-07-22T17:18:04","date_gmt":"2022-07-22T21:18:04","guid":{"rendered":"https:\/\/linitiative.ca\/International\/maroc-report-des-festivites-de-la-fete-du-trone\/"},"modified":"2022-07-22T17:18:04","modified_gmt":"2022-07-22T21:18:04","slug":"maroc-report-des-festivites-de-la-fete-du-trone","status":"publish","type":"post","link":"https:\/\/linitiative.ca\/International\/maroc-report-des-festivites-de-la-fete-du-trone\/","title":{"rendered":"Maroc: report des festivit\u00e9s de la f\u00eate du tr\u00f4ne"},"content":{"rendered":"<div>\n<p><img decoding=\"async\" width=\"291\" height=\"173\" src=\"https:\/\/linitiative.ca\/International\/wp-content\/uploads\/sites\/23\/2022\/07\/16585246842538.jpg\" class=\"attachment-post-thumbnail size-post-thumbnail wp-post-image\" alt=\"\" loading=\"lazy\"><\/p>\n<p>Toutes les activit\u00e9s, festivit\u00e9s et c\u00e9r\u00e9monies pr\u00e9vues \u00e0 l&rsquo;occasion de la f\u00eate du tr\u00f4ne, c\u00e9l\u00e9br\u00e9e le 30 juillet de chaque ann\u00e9e au Maroc, seront report\u00e9es, a annonc\u00e9 vendredi le Minist\u00e8re de la Maison Royale, du Protocole et de la Chancellerie. Le Roi Mohammed VI adressera un discours \u00e0 cette occasion.Cette d\u00e9cision a \u00e9t\u00e9 prise eu \u00e9gard \u00e0 la poursuite des mesures pr\u00e9ventives impos\u00e9es par l&rsquo;\u00e9volution de la situation sanitaire due \u00e0 la pand\u00e9mie de Covid-19.<\/p>\n<p>\u201cLe Minist\u00e8re de la Maison Royale, du Protocole et de la Chancellerie annonce qu&rsquo;eu \u00e9gard \u00e0 la poursuite des mesures pr\u00e9ventives impos\u00e9es par l&rsquo;\u00e9volution de la situation sanitaire due \u00e0 la pand\u00e9mie de Covid-19, il a \u00e9t\u00e9 d\u00e9cid\u00e9 le report de toutes les activit\u00e9s, festivit\u00e9s et c\u00e9r\u00e9monies pr\u00e9vues \u00e0 l&rsquo;occasion du 23\u00e8me Anniversaire de l&rsquo;accession de Sa Majest\u00e9 le Roi Mohammed VI, que Dieu L&rsquo;assiste, au Tr\u00f4ne de Ses Glorieux Anc\u00eatres\u201d, indique un communiqu\u00e9 du Minist\u00e8re de la Maison Royale.<\/p>\n<p>Dans ce cadre, \u201cil a \u00e9t\u00e9 d\u00e9cid\u00e9 le report de la c\u00e9r\u00e9monie de r\u00e9ception que pr\u00e9side SM le Roi, que Dieu Le glorifie, en cette glorieuse occasion, de la c\u00e9r\u00e9monie de prestation de serment des nouveaux officiers laur\u00e9ats des diff\u00e9rents \u00e9coles et instituts militaires, paramilitaires et civils et de la c\u00e9r\u00e9monie d&rsquo;all\u00e9geance \u00e0 Amir Al-Mouminine, que Dieu Le pr\u00e9serve, et de tous les d\u00e9fil\u00e9s et manifestations auxquels assistent un grand nombre de citoyens\u201d.<\/p>\n<p>Cet article <a rel=\"nofollow\" href=\"https:\/\/www.journalducameroun.com\/maroc-report-des-festivites-de-la-fete-du-trone\/\">Maroc: report des festivit\u00e9s de la f\u00eate du tr\u00f4ne<\/a> est apparu en premier sur <a rel=\"nofollow\" href=\"https:\/\/www.journalducameroun.com\/\">Journal du Cameroun<\/a>.<\/p>\n<\/div>\n<p>Auteur: APA News<br \/>\n<a href=\"https:\/\/www.journalducameroun.com\/maroc-report-des-festivites-de-la-fete-du-trone\/\">Cliquez ici pour lire l&rsquo;article depuis sa source.<\/a><\/p>\n","protected":false},"excerpt":{"rendered":"<p>Toutes les activit\u00e9s, festivit\u00e9s et c\u00e9r\u00e9monies pr\u00e9vues \u00e0 l&rsquo;occasion de la f\u00eate du tr\u00f4ne, c\u00e9l\u00e9br\u00e9e le 30 juillet de chaque ann\u00e9e au Maroc, seront report\u00e9es, a annonc\u00e9 vendredi le Minist\u00e8re de la Maison Royale, du Protocole et de la Chancellerie. Le Roi Mohammed VI adressera un discours \u00e0 cette occasion.Cette d\u00e9cision a \u00e9t\u00e9 prise eu [&hellip;]<\/p>\n","protected":false},"author":1965,"featured_media":0,"comment_status":"closed","ping_status":"closed","sticky":false,"template":"","format":"standard","meta":{"fifu_image_url":"https:\/\/www.journalducameroun.com\/wp-content\/uploads\/2022\/07\/16585246842538.jpg","fifu_image_alt":"Maroc: report des festivit\u00e9s de la f\u00eate du tr\u00f4ne","footnotes":""},"categories":[73,82],"tags":[],"class_list":["post-153208","post","type-post","status-publish","format-standard","hentry","category-actualite","category-cameroun"],"_links":{"self":[{"href":"https:\/\/linitiative.ca\/International\/wp-json\/wp\/v2\/posts\/153208","targetHints":{"allow":["GET"]}}],"collection":[{"href":"https:\/\/linitiative.ca\/International\/wp-json\/wp\/v2\/posts"}],"about":[{"href":"https:\/\/linitiative.ca\/International\/wp-json\/wp\/v2\/types\/post"}],"author":[{"embeddable":true,"href":"https:\/\/linitiative.ca\/International\/wp-json\/wp\/v2\/users\/1965"}],"replies":[{"embeddable":true,"href":"https:\/\/linitiative.ca\/International\/wp-json\/wp\/v2\/comments?post=153208"}],"version-history":[{"count":0,"href":"https:\/\/linitiative.ca\/International\/wp-json\/wp\/v2\/posts\/153208\/revisions"}],"wp:attachment":[{"href":"https:\/\/linitiative.ca\/International\/wp-json\/wp\/v2\/media?parent=153208"}],"wp:term":[{"taxonomy":"category","embeddable":true,"href":"https:\/\/linitiative.ca\/International\/wp-json\/wp\/v2\/categories?post=153208"},{"taxonomy":"post_tag","embeddable":true,"href":"https:\/\/linitiative.ca\/International\/wp-json\/wp\/v2\/tags?post=153208"}],"curies":[{"name":"wp","href":"https:\/\/api.w.org\/{rel}","templated":true}]}}