{"id":153214,"date":"2022-07-23T06:55:57","date_gmt":"2022-07-23T10:55:57","guid":{"rendered":"https:\/\/linitiative.ca\/International\/situation-de-lenfant-au-maroc-larlesienne\/"},"modified":"2022-07-23T06:55:57","modified_gmt":"2022-07-23T10:55:57","slug":"situation-de-lenfant-au-maroc-larlesienne","status":"publish","type":"post","link":"https:\/\/linitiative.ca\/International\/situation-de-lenfant-au-maroc-larlesienne\/","title":{"rendered":"Situation de l\u2019enfant au Maroc : L\u2019Arl\u00e9sienne"},"content":{"rendered":"<div>\n<p><img decoding=\"async\" width=\"300\" height=\"153\" src=\"https:\/\/linitiative.ca\/International\/wp-content\/uploads\/sites\/23\/2022\/07\/pauvrete-enfants-maroc-300x153-1.jpg\" class=\"attachment-medium size-medium wp-post-image\" alt=\"\" loading=\"lazy\" srcset=\"https:\/\/linitiative.ca\/International\/wp-content\/uploads\/sites\/23\/2022\/07\/pauvrete-enfants-maroc-300x153-1.jpg 300w, https:\/\/aujourdhui.ma\/wp-content\/uploads\/2022\/07\/pauvrete-enfants-maroc-274x140.jpg 274w, https:\/\/aujourdhui.ma\/wp-content\/uploads\/2022\/07\/pauvrete-enfants-maroc.jpg 746w, https:\/\/aujourdhui.ma\/wp-content\/uploads\/2022\/07\/pauvrete-enfants-maroc-165x84.jpg 165w, https:\/\/aujourdhui.ma\/wp-content\/uploads\/2022\/07\/pauvrete-enfants-maroc-702x358.jpg 702w\" sizes=\"auto, (max-width: 300px) 100vw, 300px\"><\/p>\n<p><span style=\"font-size: 20px; color: #800000;\"><strong>Entre violences quotidiennes, travail forc\u00e9, maltraitance, abandon scolaire, pauvret\u00e9 et pr\u00e9carit\u00e9, ce sont des millions d\u2019enfants marocains qui vivent encore dans des conditions alarmantes.<\/strong><\/span><br \/>\n<span id=\"more-413758\"><\/span><\/p>\n<div id=\"attachment_345687\" style=\"width: 205px\" class=\"wp-caption alignleft\"><img loading=\"lazy\" decoding=\"async\" aria-describedby=\"caption-attachment-345687\" class=\" wp-image-345687\" src=\"https:\/\/linitiative.ca\/International\/wp-content\/uploads\/sites\/23\/2022\/07\/Dr-Imane-Kendili-1.jpg\" alt=\"\" width=\"195\" height=\"199\" srcset=\"https:\/\/linitiative.ca\/International\/wp-content\/uploads\/sites\/23\/2022\/07\/Dr-Imane-Kendili-1.jpg 373w, https:\/\/aujourdhui.ma\/wp-content\/uploads\/2020\/05\/Dr-Imane-Kendili-1-294x300.jpg 294w, https:\/\/aujourdhui.ma\/wp-content\/uploads\/2020\/05\/Dr-Imane-Kendili-1-36x36.jpg 36w\" sizes=\"auto, (max-width: 195px) 100vw, 195px\"><\/p>\n<p id=\"caption-attachment-345687\" class=\"wp-caption-text\"><span style=\"color: #ff0000;\"><strong>Par Dr Imane Kendili<\/strong><\/span><br \/><span style=\"color: #ff0000;\"><strong>Psychiatre-addictologue<\/strong><\/span><\/p>\n<\/div>\n<p>Selon les derniers chiffres sur l\u2019enfance au Maroc, le nombre d\u2019enfants en 2019 \u00e9tait de 11,2 millions (5,5 millions de filles et 5,7 millions de gar\u00e7ons). La part des enfants dans la population totale est de 31,4% en 2019 alors qu\u2019elle \u00e9tait de 33,5% en 2014. Cela repr\u00e9sente une part tr\u00e8s importante de la population globale du pays. Pourtant, chaque ann\u00e9e, avec chaque rapport onusien, force est de constater, que malgr\u00e9 des avanc\u00e9es certaines et des efforts consentis de la part des autorit\u00e9s de tutelle, la situation des enfants reste pr\u00e9occupante au Maroc.<br \/>\nPour toucher du doigt cette r\u00e9alit\u00e9, il faut passer au crible les diff\u00e9rents secteurs de la vie marocaine o\u00f9 la protection de l\u2019enfance doit \u00eatre un fait \u00e9tabli et acquis et non un simple v\u0153u pieux. De la sant\u00e9 \u00e0 l\u2019\u00e9ducation en passant par le sport, le travail et d\u2019autres domaines o\u00f9 l\u2019enfant doit \u00eatre int\u00e9gr\u00e9 et prot\u00e9g\u00e9 contre toutes formes de violences, le constat est toujours le m\u00eame : il y a de profondes lacunes et un travail de fond \u00e0 mettre en place pour prot\u00e9ger les enfants marocains et respecter leurs droits, et, \u00e0 tous les niveaux de la vie.<\/p>\n<p>Dans ce sens, la situation des enfants au Maroc est triste. Travail forc\u00e9, abandon scolaire, agressions, viols, harc\u00e8lement, marginalisation, absence de prise en charge morale et physique en cas de maladie, de handicap ou les deux. Bref, dans une large mesure, il ne fait pas bon \u00eatre enfant au Maroc. Que l\u2019on ne se voile pas la face, les chiffres sont l\u00e0 pour l\u2019attester.<br \/>\nEn 2015, 4,4% des enfants vivaient dans des m\u00e9nages en situation de pauvret\u00e9 absolue (7,2% en milieu rural et 2,1% en milieu urbain) et 14,4% des enfants vivaient dans des m\u00e9nages en situation de vuln\u00e9rabilit\u00e9 (21,2% en milieu rural et 14,4% en milieu urbain). En plus, 39,7% des enfants au Maroc \u00e9taient en situation de pauvret\u00e9 multidimensionnelle. Les enfants en milieu rural sont g\u00e9n\u00e9ralement plus vuln\u00e9rables \u00e0 toutes les dimensions de privation (logement, eau, nutrition, sant\u00e9, couverture maladie, \u00e9ducation, etc.). En effet, seulement 8,1% des enfants en milieu rural ne sont priv\u00e9s d\u2019aucune dimension de bien-\u00eatre, en comparaison aux 42,5% des enfants en milieu urbain. En effet, selon l\u2019\u00e9tude \u00abProfil de la pauvret\u00e9 des enfants au Maroc\u00bb, r\u00e9alis\u00e9e par l\u2019ONDH et le MFSEDS, avec l\u2019appui de l\u2019UNICEF, un enfant est consid\u00e9r\u00e9 dans une situation de pauvret\u00e9 multidimensionnelle s\u2019il est priv\u00e9 dans au moins deux dimensions de son bien \u00eatre parmi les 8 dimensions consid\u00e9r\u00e9es dans cette \u00e9tude (logement, eau, assainissement, nutrition, sant\u00e9, couverture maladie, \u00e9ducation et information).<br \/>\nDans ce sens, il faut insister sur le volet \u00e9ducation et \u00e9cole. C\u2019est l\u00e0 o\u00f9 les choses sont les plus graves. Plusieurs \u00e9tudes ont d\u00e9montr\u00e9 que m\u00eame en allant \u00e0 l\u2019\u00e9cole les enfants marocains restent tr\u00e8s limit\u00e9s en termes de savoir et de comp\u00e9tences, avec de grandes disparit\u00e9s entre le public et le priv\u00e9. Il faut ici pr\u00e9ciser que le taux net de scolarisation au niveau secondaire (coll\u00e9giale et qualifiant) reste moyen, surtout en milieu rural et pour les filles : le taux net de scolarisation est de 58,1% au secondaire coll\u00e9gial (36,8% en milieu rural et 74,9% en milieu urbain) et de 33% au niveau qualifiant (10,4% en milieu rural et 50,2% en milieu urbain). De m\u00eame, le taux net de scolarisation au pr\u00e9scolaire a faiblement progress\u00e9. Il reste aux alentours de 50%, ce qui t\u00e9moigne d\u2019un besoin d\u2019investissement dans le secteur pr\u00e9scolaire en vue de sa g\u00e9n\u00e9ralisation \u00e0 l\u2019horizon 2027-2028 conform\u00e9ment \u00e0 la Vision strat\u00e9gique 2030 du secteur \u00e9ducatif et \u00e0 l\u2019engagement gouvernemental dans ce sens.<\/p>\n<p>C\u00f4t\u00e9 violence, il faut juste retenir un seul chiffre : 91% d\u2019enfants \u00e2g\u00e9s de 2 \u00e0 14 ans sont toujours victimes de la violence, entre agression psychologique et ch\u00e2timents corporels.<br \/>\nVenons-en maintenant aux mentalit\u00e9s face \u00e0 la protection des enfants. Au-del\u00e0 des mariages pr\u00e9coces, de la braderie des jeunes filles \u00e0 peine pub\u00e8res, il y a chez les femmes, en mettant de c\u00f4t\u00e9 ce qu\u2019en pensent les hommes, des atavismes inoxydables. 4% de femmes \u00e2g\u00e9es de 15 \u00e0 49 ans pensent qu\u2019un mari a le droit de frapper ou de battre son \u00e9pouse. Des id\u00e9es enracin\u00e9es dans la pens\u00e9e marocaine o\u00f9 la femme et la jeune fille payent un lourd tribut aux archa\u00efsmes de tous poils. Voici en gros quelques statistiques qui refl\u00e8tent la situation des enfants dans le royaume. Il y a certes certains progr\u00e8s, mais le travail qui reste \u00e0 faire semble titanesque, et ce, \u00e0 tous les niveaux.<\/p>\n<\/div>\n<p>Auteur: Imane Kendili<br \/>\n<a href=\"https:\/\/aujourdhui.ma\/chroniques\/situation-de-lenfant-au-maroc-larlesienne\">Cliquez ici pour lire l&rsquo;article depuis sa source.<\/a><\/p>\n","protected":false},"excerpt":{"rendered":"<p>Entre violences quotidiennes, travail forc\u00e9, maltraitance, abandon scolaire, pauvret\u00e9 et pr\u00e9carit\u00e9, ce sont des millions d\u2019enfants marocains qui vivent encore dans des conditions alarmantes. Par Dr Imane KendiliPsychiatre-addictologue Selon les derniers chiffres sur l\u2019enfance au Maroc, le nombre d\u2019enfants en 2019 \u00e9tait de 11,2 millions (5,5 millions de filles et 5,7 millions de gar\u00e7ons). La [&hellip;]<\/p>\n","protected":false},"author":1759,"featured_media":0,"comment_status":"closed","ping_status":"closed","sticky":false,"template":"","format":"standard","meta":{"fifu_image_url":"https:\/\/aujourdhui.ma\/wp-content\/uploads\/2022\/07\/pauvrete-enfants-maroc-300x153.jpg","fifu_image_alt":"Situation de l\u2019enfant au Maroc : L\u2019Arl\u00e9sienne","footnotes":""},"categories":[73,54],"tags":[],"class_list":["post-153214","post","type-post","status-publish","format-standard","hentry","category-actualite","category-maroc"],"_links":{"self":[{"href":"https:\/\/linitiative.ca\/International\/wp-json\/wp\/v2\/posts\/153214","targetHints":{"allow":["GET"]}}],"collection":[{"href":"https:\/\/linitiative.ca\/International\/wp-json\/wp\/v2\/posts"}],"about":[{"href":"https:\/\/linitiative.ca\/International\/wp-json\/wp\/v2\/types\/post"}],"author":[{"embeddable":true,"href":"https:\/\/linitiative.ca\/International\/wp-json\/wp\/v2\/users\/1759"}],"replies":[{"embeddable":true,"href":"https:\/\/linitiative.ca\/International\/wp-json\/wp\/v2\/comments?post=153214"}],"version-history":[{"count":0,"href":"https:\/\/linitiative.ca\/International\/wp-json\/wp\/v2\/posts\/153214\/revisions"}],"wp:attachment":[{"href":"https:\/\/linitiative.ca\/International\/wp-json\/wp\/v2\/media?parent=153214"}],"wp:term":[{"taxonomy":"category","embeddable":true,"href":"https:\/\/linitiative.ca\/International\/wp-json\/wp\/v2\/categories?post=153214"},{"taxonomy":"post_tag","embeddable":true,"href":"https:\/\/linitiative.ca\/International\/wp-json\/wp\/v2\/tags?post=153214"}],"curies":[{"name":"wp","href":"https:\/\/api.w.org\/{rel}","templated":true}]}}