{"id":153217,"date":"2022-07-23T09:43:46","date_gmt":"2022-07-23T13:43:46","guid":{"rendered":"https:\/\/linitiative.ca\/International\/la-duree-de-formation-en-medecine-reduite-a-6-ans\/"},"modified":"2022-07-23T09:43:46","modified_gmt":"2022-07-23T13:43:46","slug":"la-duree-de-formation-en-medecine-reduite-a-6-ans","status":"publish","type":"post","link":"https:\/\/linitiative.ca\/International\/la-duree-de-formation-en-medecine-reduite-a-6-ans\/","title":{"rendered":"La dur\u00e9e de formation en m\u00e9decine r\u00e9duite \u00e0 6 ans"},"content":{"rendered":"<div>\n<p><img decoding=\"async\" width=\"300\" height=\"153\" src=\"https:\/\/linitiative.ca\/International\/wp-content\/uploads\/sites\/23\/2022\/07\/medecine-maroc-Sante-300x153-1.jpg\" class=\"attachment-medium size-medium wp-post-image\" alt=\"\" loading=\"lazy\" srcset=\"https:\/\/linitiative.ca\/International\/wp-content\/uploads\/sites\/23\/2022\/07\/medecine-maroc-Sante-300x153-1.jpg 300w, https:\/\/aujourdhui.ma\/wp-content\/uploads\/2018\/01\/medecine-maroc-Sante.jpg 746w\" sizes=\"auto, (max-width: 300px) 100vw, 300px\"><\/p>\n<p><span style=\"color: #800000;\"><strong>Environ 700 des 1.400 form\u00e9s annuellement dans les facult\u00e9s de m\u00e9decine quittent le Maroc pour s\u2019installer en Europe et au Canada.<\/strong><span id=\"more-413769\"><\/span><\/span><\/p>\n<p>Bonne nouvelle pour les \u00e9tudiants en m\u00e9decine. La dur\u00e9e de formation en m\u00e9decine est pass\u00e9e officiellement de 7 \u00e0 6 ans. Le ministre de l\u2019enseignement sup\u00e9rieur, Abdellatif Miraoui, avait diffus\u00e9 en date du 30 juin une note circulaire relative \u00e0 l\u2019acc\u00e8s aux facult\u00e9s de m\u00e9decine, de m\u00e9decine dentaire et de pharmacie au titre de l\u2019ann\u00e9e universitaire 2022-2023. Ainsi, ladite note fixe le nombre d\u2019ann\u00e9es d\u2019\u00e9tudes \u00e0 6 ans et pr\u00e9voit l\u2019augmentation du nombre de si\u00e8ges universitaires en m\u00e9decine \u00e0 3.489 au titre de l\u2019ann\u00e9e universitaire prochaine. Notons que 355 places p\u00e9dagogiques sont disponibles dans les facult\u00e9s de m\u00e9decine dentaire au titre de l\u2019ann\u00e9e universitaire 2022-2023 et 435 places en pharmacie. Dans cette note, le minist\u00e8re a d\u00e9voil\u00e9 toutes les conditions de d\u00e9p\u00f4t de candidatures pour les \u00e9tudiants d\u00e9sirant passer le concours d\u2019acc\u00e8s aux facult\u00e9s de m\u00e9decine, de pharmacie et de m\u00e9decine dentaire. Le d\u00e9p\u00f4t des candidatures est pr\u00e9vu entre le 5 et 25 juillet 2022, pr\u00e9cise la circulaire. A l\u2019instar des derni\u00e8res ann\u00e9es, les concours seront organis\u00e9s en m\u00eame temps pour les diff\u00e9rentes fili\u00e8res en m\u00e9decine et seront \u00e9galement g\u00e9r\u00e9s au niveau de la plateforme cursussup.gov.ma\/medecine. Le Maroc fait face depuis plusieurs ann\u00e9es \u00e0 une p\u00e9nurie de m\u00e9decins qui s\u2019est aggrav\u00e9e avec le d\u00e9part massif des m\u00e9decins \u00e0 l\u2019\u00e9tranger. Selon les chiffres d\u00e9voil\u00e9s par le ministre, environ 700 des 1.400 form\u00e9s annuellement dans les facult\u00e9s de m\u00e9decine quittent le Maroc pour s\u2019installer en Europe et au Canada.<\/p>\n<p>M. Miraoui avait d\u2019ailleurs d\u00e9clar\u00e9 \u00e0 la Chambre des conseillers que \u00able m\u00e9decin marocain est demand\u00e9 en Europe. Ainsi, durant la crise du coronavirus, l\u2019Allemagne a suspendu les visas pour les ressortissants de tous les pays du monde sauf pour les \u00e9tudiants marocains\u00bb. En outre, le ministre de l\u2019enseignement sup\u00e9rieur avait fait savoir que \u00abpour r\u00e9soudre la grave p\u00e9nurie de m\u00e9decins, il ne suffit pas d\u2019augmenter le nombre de places universitaires, mais il faut motiver les nouveaux dipl\u00f4m\u00e9s \u00e0 rester au Maroc\u00bb. Signalons que selon la nouvelle carte sanitaire du minist\u00e8re de la sant\u00e9, le corps m\u00e9dical dans le public se chiffre \u00e0 13.682 en 2021 dont 3.494 g\u00e9n\u00e9ralistes, 9.402 sp\u00e9cialistes, 596 dentistes et 190 pharmaciens. En 2020, il s\u2019\u00e9tait \u00e9tabli \u00e0 12.454. Dans le secteur priv\u00e9, on d\u00e9nombre 5.414 m\u00e9decins g\u00e9n\u00e9ralistes et 8.785 m\u00e9decins sp\u00e9cialistes, soit un total de 14.199 m\u00e9decins. En 2020, leur nombre s\u2019\u00e9tait chiffr\u00e9 \u00e0 13.622. Ainsi, le Maroc compte au total 27.881 m\u00e9decins dans le public et le priv\u00e9. Pour une population de 37 millions d\u2019habitants, le ratio est de 7,5 m\u00e9decins pour 10.000 habitants alors que le standard de l\u2019Organisation mondiale de la sant\u00e9 (OMS) est de 15,3 m\u00e9decins pour 10.000 habitants. Rappelons \u00e0 ce sujet que le ministre de la sant\u00e9 et de la protection sociale, Khalid Ait Taleb, avait indiqu\u00e9 que le Maroc a besoin de 32.522 m\u00e9decins et 65.000 infirmiers alors que seulement 1.200 nouveaux m\u00e9decins obtiennent chaque ann\u00e9e leurs dipl\u00f4mes.<\/p>\n<p>\u00a0<\/p>\n<\/div>\n<p>Auteur: Laila Zerrour<br \/>\n<a href=\"https:\/\/aujourdhui.ma\/societe\/la-duree-de-formation-en-medecine-reduite-a-6-ans\">Cliquez ici pour lire l&rsquo;article depuis sa source.<\/a><\/p>\n","protected":false},"excerpt":{"rendered":"<p>Environ 700 des 1.400 form\u00e9s annuellement dans les facult\u00e9s de m\u00e9decine quittent le Maroc pour s\u2019installer en Europe et au Canada. Bonne nouvelle pour les \u00e9tudiants en m\u00e9decine. La dur\u00e9e de formation en m\u00e9decine est pass\u00e9e officiellement de 7 \u00e0 6 ans. Le ministre de l\u2019enseignement sup\u00e9rieur, Abdellatif Miraoui, avait diffus\u00e9 en date du 30 [&hellip;]<\/p>\n","protected":false},"author":1759,"featured_media":0,"comment_status":"closed","ping_status":"closed","sticky":false,"template":"","format":"standard","meta":{"fifu_image_url":"https:\/\/aujourdhui.ma\/wp-content\/uploads\/2018\/01\/medecine-maroc-Sante-300x153.jpg","fifu_image_alt":"La dur\u00e9e de formation en m\u00e9decine r\u00e9duite \u00e0 6 ans","footnotes":""},"categories":[73,54],"tags":[],"class_list":["post-153217","post","type-post","status-publish","format-standard","hentry","category-actualite","category-maroc"],"_links":{"self":[{"href":"https:\/\/linitiative.ca\/International\/wp-json\/wp\/v2\/posts\/153217","targetHints":{"allow":["GET"]}}],"collection":[{"href":"https:\/\/linitiative.ca\/International\/wp-json\/wp\/v2\/posts"}],"about":[{"href":"https:\/\/linitiative.ca\/International\/wp-json\/wp\/v2\/types\/post"}],"author":[{"embeddable":true,"href":"https:\/\/linitiative.ca\/International\/wp-json\/wp\/v2\/users\/1759"}],"replies":[{"embeddable":true,"href":"https:\/\/linitiative.ca\/International\/wp-json\/wp\/v2\/comments?post=153217"}],"version-history":[{"count":0,"href":"https:\/\/linitiative.ca\/International\/wp-json\/wp\/v2\/posts\/153217\/revisions"}],"wp:attachment":[{"href":"https:\/\/linitiative.ca\/International\/wp-json\/wp\/v2\/media?parent=153217"}],"wp:term":[{"taxonomy":"category","embeddable":true,"href":"https:\/\/linitiative.ca\/International\/wp-json\/wp\/v2\/categories?post=153217"},{"taxonomy":"post_tag","embeddable":true,"href":"https:\/\/linitiative.ca\/International\/wp-json\/wp\/v2\/tags?post=153217"}],"curies":[{"name":"wp","href":"https:\/\/api.w.org\/{rel}","templated":true}]}}