{"id":15323,"date":"2019-02-19T04:53:55","date_gmt":"2019-02-19T09:53:55","guid":{"rendered":"https:\/\/linitiative.ca\/International\/par-xavier-messe-douala-et-yaounde-le-regard-des-autres\/"},"modified":"2019-02-19T04:53:55","modified_gmt":"2019-02-19T09:53:55","slug":"par-xavier-messe-douala-et-yaounde-le-regard-des-autres","status":"publish","type":"post","link":"https:\/\/linitiative.ca\/International\/par-xavier-messe-douala-et-yaounde-le-regard-des-autres\/","title":{"rendered":"Par Xavier Messe -Douala et Yaound\u00e9: le regard des autres"},"content":{"rendered":"<p><span class=\"c2\"><a href=\"https:\/\/i1.wp.com\/ecomatin.net\/wp-content\/uploads\/2019\/02\/ecomatin.net-xavier-messe-2.jpg?ssl=1\"><\/p>\n<p><img loading=\"lazy\" decoding=\"async\" data-attachment-id=\"5723\" data-permalink=\"https:\/\/ecomatin.net\/xavier-messe-7\/\" data-orig-file=\"https:\/\/i1.wp.com\/ecomatin.net\/wp-content\/uploads\/2019\/02\/ecomatin.net-xavier-messe-2.jpg?fit=640%2C495&#038;ssl=1\" data-orig-size=\"640,495\" data-comments-opened=\"0\" data-image-meta=\"{\"aperture\":\"0\",\"credit\":\"\",\"camera\":\"\",\"caption\":\"\",\"created_timestamp\":\"0\",\"copyright\":\"\",\"focal_length\":\"0\",\"iso\":\"0\",\"shutter_speed\":\"0\",\"title\":\"\",\"orientation\":\"0\"}\" data-image-title=\"Xavier-Messe\" data-image-description=\"\" data-medium-file=\"https:\/\/i1.wp.com\/ecomatin.net\/wp-content\/uploads\/2019\/02\/ecomatin.net-xavier-messe-2.jpg?fit=300%2C232&#038;ssl=1\" data-large-file=\"https:\/\/i1.wp.com\/ecomatin.net\/wp-content\/uploads\/2019\/02\/ecomatin.net-xavier-messe-2.jpg?fit=640%2C495&#038;ssl=1\" class=\" wp-image-5723 alignleft\" src=\"https:\/\/i1.wp.com\/ecomatin.net\/wp-content\/uploads\/2019\/02\/ecomatin.net-xavier-messe-2.jpg?resize=122%2C94&#038;ssl=1\" alt=\"\" width=\"122\" height=\"94\" data-recalc-dims=\"1\" srcset=\"https:\/\/i1.wp.com\/ecomatin.net\/wp-content\/uploads\/2019\/02\/ecomatin.net-xavier-messe-2.jpg?w=640&#038;ssl=1 640w, https:\/\/i1.wp.com\/ecomatin.net\/wp-content\/uploads\/2019\/02\/ecomatin.net-xavier-messe-2.jpg?resize=300%2C232&#038;ssl=1 300w\" sizes=\"auto, (max-width: 122px) 100vw, 122px\"\/><\/p>\n<p><\/a>Nous avons rencontr\u00e9 r\u00e9cemment dans un lieu public de la capitale du Cameroun, un jeune du Congo (Brazzaville). Il a \u00e9t\u00e9 affect\u00e9 au Cameroun il y a quelques mois pour travailler dans une des structures du syst\u00e8me des Nations unies \u00e9tablie \u00e0 Yaound\u00e9. Il raconte les instants qui ont pr\u00e9c\u00e9d\u00e9 son d\u00e9part de son pays, puis son premier contact avec le Cameroun:<\/span><br \/><span class=\"c2\">\u00ab J\u2019avais fait la f\u00eate avec mes amis \u00e0 Brazzaville lorsque j\u2019avais \u00e9t\u00e9 notifi\u00e9 par ma hi\u00e9rarchie que j\u2019\u00e9tais mut\u00e9 au Cameroun. Personnellement, je ressentais par cet acte les sensations d\u2019un gamin \u00e0 qui les parents venaient d\u2019offrir un gros cadeau\u2026 Mes amis m\u2019enviaient; ils me disaient que j\u2019avais la chance d\u2019aller au Cameroun\u2026 \u00bb<\/span><br \/><span class=\"c2\">\u00ab De Brazzaville, pour nous, le Cameroun est un pays merveilleux. Il est stable et en paix. Il a de grands joueurs de football, il gagne des troph\u00e9es, il va toujours \u00e0 la Coupe du monde, il a une agriculture diversifi\u00e9e, il a des hommes intelligents qu\u2019on retrouve dans toutes les grandes tribunes internationales. Les Congolais qui vont \u00e0 Douala, \u00e0 leur retour, nous \u00e9coutons leurs r\u00e9cits comme s\u2019ils venaient de visiter Paris ou New-York. Voil\u00e0 le Cameroun vu de Brazzaville \u00bb.<\/span><br \/><span class=\"c2\">\u00ab Je suis arriv\u00e9 donc au Cameroun un mois de septembre par l\u2019a\u00e9roport de Douala. J\u2019avais tous mes papiers, non seulement en tant que fonctionnaire du syst\u00e8me des Nations unies, mais \u00e9galement comme sujet de la Cemac avec tous les avantages de circuler que me conf\u00e8re ce titre en zone Cemac. L\u2019agent de police des formalit\u00e9s de d\u00e9barquement consacrera pourtant tout le temps qu\u2019il avait voulu pour me poser des questions, m\u00eame des plus saugrenues. J\u2019avais le sentiment d\u2019\u00eatre un wanted captur\u00e9 en terre camerounaise ! \u00bb<\/span><br \/><span class=\"c2\">\u00ab l\u2019a\u00e9roport international de Douala ne paie pas des mines: pas de bus pour transporter les passagers du tarmac \u00e0 l\u2019a\u00e9rogare. C\u2019est un couloir interminable qui vous conduit vers les contr\u00f4les de sant\u00e9 \u00e0 la douane, en passant par la police\u2026 \u00bb<\/span><br \/><span class=\"c2\">\u00ab L\u2019accueil \u00e0 Yaound\u00e9 n\u2019est pas agressif comme celui de Douala. Mais le trajet de Nsimalen jusque dans la ville est surprenant pour la p\u00e9n\u00e9trante d\u2019une capitale de renom comme Yaound\u00e9 : tout me paraissait d\u00e9sordonn\u00e9: la route, les constructions, le petit commerce, la conduite des chauffeurs, les clameurs de toute sorte\u2026! \u00bb<\/span><br \/><span class=\"c2\">\u00ab Apr\u00e8s six mois de s\u00e9jour au Cameroun, quelques d\u00e9placements dans certaines villes de l\u2019int\u00e9rieur, je me suis fais des relations amicales. Nous \u00e9changeons au bureau, en ville dans les loisirs, au quartier en partageant un verre. J\u2019ai compris ceci: entre l\u2019id\u00e9e que nous nous faisons de ce grand pays et la r\u00e9alit\u00e9 que nous vivons, il y a deux Cameroun totalement diff\u00e9rents. Entre l\u2019a\u00e9roport de Douala ou Yaound\u00e9 et celui de Maya-Maya \u00e0 Brazzaville, entre les voies qui m\u00e8nent dans les deux capitales, c\u2019est le jour et la nuit. Ce n\u2019est pas \u00e0 Brazzaville qu\u2019on roulerait dans des taxis brinquebalants, d\u2019o\u00f9 on baisse les vitres pour jeter les d\u00e9chets sur la chauss\u00e9e. \u00c0 Brazzaville on aime la musique, mais pas au point d\u2019\u00e9couter le tintamarre \u00e0 toute heure de la journ\u00e9e et dans toutes les rues\u2026 \u00bb. Je saisirais la premi\u00e8re opportunit\u00e9 pour demander mon retour \u00e0 Brazzaville ! \u00bb<\/span><br \/><span class=\"c2\">Il serait souhaitable que chacun se fasse son opinion en r\u00e9agissant au regard qu\u2019un voisin pose \u00e0 travers ce t\u00e9moignage, sur les deux principales villes du Cameroun. Elles sont en quelque sorte, un \u00e9chantillon du reste.<\/span><\/p>\n<p>Auteur: EcoMatin<br \/>\n<a href=\"https:\/\/ecomatin.net\/par-xavier-messe-douala-et-yaounde-le-regard-des-autres\/\">Cliquez ici pour lire l&rsquo;article depuis sa source.<\/a><\/p>\n","protected":false},"excerpt":{"rendered":"<p>Nous avons rencontr\u00e9 r\u00e9cemment dans un lieu public de la capitale du Cameroun, un jeune du Congo (Brazzaville). Il a \u00e9t\u00e9 affect\u00e9 au Cameroun il y a quelques mois pour travailler dans une des structures du syst\u00e8me des Nations unies \u00e9tablie \u00e0 Yaound\u00e9. Il raconte les instants qui ont pr\u00e9c\u00e9d\u00e9 son d\u00e9part de son pays, [&hellip;]<\/p>\n","protected":false},"author":1969,"featured_media":0,"comment_status":"closed","ping_status":"closed","sticky":false,"template":"","format":"standard","meta":{"fifu_image_url":"","fifu_image_alt":"","footnotes":""},"categories":[82,78],"tags":[],"class_list":["post-15323","post","type-post","status-publish","format-standard","hentry","category-cameroun","category-economie"],"_links":{"self":[{"href":"https:\/\/linitiative.ca\/International\/wp-json\/wp\/v2\/posts\/15323","targetHints":{"allow":["GET"]}}],"collection":[{"href":"https:\/\/linitiative.ca\/International\/wp-json\/wp\/v2\/posts"}],"about":[{"href":"https:\/\/linitiative.ca\/International\/wp-json\/wp\/v2\/types\/post"}],"author":[{"embeddable":true,"href":"https:\/\/linitiative.ca\/International\/wp-json\/wp\/v2\/users\/1969"}],"replies":[{"embeddable":true,"href":"https:\/\/linitiative.ca\/International\/wp-json\/wp\/v2\/comments?post=15323"}],"version-history":[{"count":0,"href":"https:\/\/linitiative.ca\/International\/wp-json\/wp\/v2\/posts\/15323\/revisions"}],"wp:attachment":[{"href":"https:\/\/linitiative.ca\/International\/wp-json\/wp\/v2\/media?parent=15323"}],"wp:term":[{"taxonomy":"category","embeddable":true,"href":"https:\/\/linitiative.ca\/International\/wp-json\/wp\/v2\/categories?post=15323"},{"taxonomy":"post_tag","embeddable":true,"href":"https:\/\/linitiative.ca\/International\/wp-json\/wp\/v2\/tags?post=15323"}],"curies":[{"name":"wp","href":"https:\/\/api.w.org\/{rel}","templated":true}]}}